{"id":27636,"date":"2025-02-11T09:31:36","date_gmt":"2025-02-11T12:31:36","guid":{"rendered":"https:\/\/www.saloanoticias.com\/v1\/?p=27636"},"modified":"2025-02-11T10:05:21","modified_gmt":"2025-02-11T13:05:21","slug":"instrutor-israel-gomes-promove-curso-de-aph","status":"publish","type":"post","link":"https:\/\/www.saloanoticias.com\/v1\/instrutor-israel-gomes-promove-curso-de-aph\/","title":{"rendered":"Instrutor Israel Gomes promove curso de APH"},"content":{"rendered":"\n<p>O instrutor Israel Gomes prover\u00e1 para o p\u00fablico em geral o curso de Primeiros Socorros com \u00canfase na Lei Lucas, Lei 13.722\/18, que obriga profissionais da educa\u00e7\u00e3o p\u00fablica e privada saberem agir diante de emerg\u00eancias no ambiente escolar.<br><br>O curso acontecer\u00e1 no dia 23 de fevereiro de 2025 para o P\u00daBLICO EM GERAL, QUALQUER PESSOA PODE FAZER!. Ser\u00e3o abordados temas como Parada Cardiorrespirat\u00f3ria, Convuls\u00f5es, desmaio, AVC, IAM, Engasgo, afogamento, saber fazer imobiliza\u00e7\u00f5es, acidentes com animais pe\u00e7onhentos, uso do DEA, uso da prancha e colar cervical, retirada de capacete e muito mais.<\/p>\n\n\n\n<p>Voc\u00ea vai aprender a agir diante das mais variadas emerg\u00eancias. O curso ter\u00e1 uma dura\u00e7\u00e3o de 8 horas com certificado. O Instrutor que ocupa a 34\u00aa posi\u00e7\u00e3o no ranking do Instituto Brasileiro de APH, atua no SAMU de Salo\u00e1 e Belo Jardim, al\u00e9m de ser credenciado ao Instituto Brasileiro de APH.<\/p>\n\n\n\n<p>O curso custa R$ 100,00 (cem reais) e ser\u00e3o usados material profissional de treinamento. Os interessados podem se inscrever pelo Whatsapp (87) <strong>98124-1513<\/strong>.<\/p>\n\n\n<div class=\"wp-block-image\">\n<figure class=\"aligncenter size-large\"><img loading=\"lazy\" decoding=\"async\" width=\"1024\" height=\"1024\" src=\"https:\/\/www.saloanoticias.com\/v1\/wp-content\/uploads\/2025\/02\/0eb33d82-7d24-42c6-95e0-f73fe62c889f-1024x1024.jpeg\" alt=\"\" class=\"wp-image-27638\" srcset=\"https:\/\/www.saloanoticias.com\/v1\/wp-content\/uploads\/2025\/02\/0eb33d82-7d24-42c6-95e0-f73fe62c889f-1024x1024.jpeg 1024w, https:\/\/www.saloanoticias.com\/v1\/wp-content\/uploads\/2025\/02\/0eb33d82-7d24-42c6-95e0-f73fe62c889f-300x300.jpeg 300w, https:\/\/www.saloanoticias.com\/v1\/wp-content\/uploads\/2025\/02\/0eb33d82-7d24-42c6-95e0-f73fe62c889f-150x150.jpeg 150w, https:\/\/www.saloanoticias.com\/v1\/wp-content\/uploads\/2025\/02\/0eb33d82-7d24-42c6-95e0-f73fe62c889f-768x768.jpeg 768w, https:\/\/www.saloanoticias.com\/v1\/wp-content\/uploads\/2025\/02\/0eb33d82-7d24-42c6-95e0-f73fe62c889f-80x80.jpeg 80w, https:\/\/www.saloanoticias.com\/v1\/wp-content\/uploads\/2025\/02\/0eb33d82-7d24-42c6-95e0-f73fe62c889f.jpeg 1080w\" sizes=\"auto, (max-width: 1024px) 100vw, 1024px\" \/><\/figure>\n<\/div><div style=\"margin-top: 0px; margin-bottom: 0px;\" class=\"sharethis-inline-share-buttons\" ><\/div>","protected":false},"excerpt":{"rendered":"<p>O instrutor Israel Gomes prover\u00e1 para o p\u00fablico em geral o curso de Primeiros Socorros com \u00canfase na Lei Lucas, Lei 13.722\/18, que obriga profissionais da educa\u00e7\u00e3o p\u00fablica e privada saberem agir diante de emerg\u00eancias no ambiente escolar. O curso acontecer\u00e1 no dia 23 de fevereiro de 2025 para o P\u00daBLICO EM GERAL, QUALQUER PESSOA [&hellip;]<\/p>\n","protected":false},"author":1,"featured_media":27637,"comment_status":"closed","ping_status":"closed","sticky":false,"template":"","format":"standard","meta":{"footnotes":""},"categories":[21],"tags":[22],"class_list":["post-27636","post","type-post","status-publish","format-standard","has-post-thumbnail","hentry","category-cidade","tag-destaques"],"_links":{"self":[{"href":"https:\/\/www.saloanoticias.com\/v1\/wp-json\/wp\/v2\/posts\/27636","targetHints":{"allow":["GET"]}}],"collection":[{"href":"https:\/\/www.saloanoticias.com\/v1\/wp-json\/wp\/v2\/posts"}],"about":[{"href":"https:\/\/www.saloanoticias.com\/v1\/wp-json\/wp\/v2\/types\/post"}],"author":[{"embeddable":true,"href":"https:\/\/www.saloanoticias.com\/v1\/wp-json\/wp\/v2\/users\/1"}],"replies":[{"embeddable":true,"href":"https:\/\/www.saloanoticias.com\/v1\/wp-json\/wp\/v2\/comments?post=27636"}],"version-history":[{"count":3,"href":"https:\/\/www.saloanoticias.com\/v1\/wp-json\/wp\/v2\/posts\/27636\/revisions"}],"predecessor-version":[{"id":27643,"href":"https:\/\/www.saloanoticias.com\/v1\/wp-json\/wp\/v2\/posts\/27636\/revisions\/27643"}],"wp:featuredmedia":[{"embeddable":true,"href":"https:\/\/www.saloanoticias.com\/v1\/wp-json\/wp\/v2\/media\/27637"}],"wp:attachment":[{"href":"https:\/\/www.saloanoticias.com\/v1\/wp-json\/wp\/v2\/media?parent=27636"}],"wp:term":[{"taxonomy":"category","embeddable":true,"href":"https:\/\/www.saloanoticias.com\/v1\/wp-json\/wp\/v2\/categories?post=27636"},{"taxonomy":"post_tag","embeddable":true,"href":"https:\/\/www.saloanoticias.com\/v1\/wp-json\/wp\/v2\/tags?post=27636"}],"curies":[{"name":"wp","href":"https:\/\/api.w.org\/{rel}","templated":true}]}}