{"id":27607,"date":"2025-02-09T09:58:44","date_gmt":"2025-02-09T12:58:44","guid":{"rendered":"https:\/\/www.saloanoticias.com\/v1\/?p=27607"},"modified":"2025-02-09T23:30:57","modified_gmt":"2025-02-10T02:30:57","slug":"70-dos-saloaenses-aprovaram-ronaldinho-como-vice-prefeito-apontou-pesquisa","status":"publish","type":"post","link":"https:\/\/www.saloanoticias.com\/v1\/70-dos-saloaenses-aprovaram-ronaldinho-como-vice-prefeito-apontou-pesquisa\/","title":{"rendered":"70% dos saloaenses aprovaram Ronaldinho como vice-prefeito, aponta pesquisa"},"content":{"rendered":"\n<p>Uma pesquisa de opini\u00e3o p\u00fablica realizada na cidade de Salo\u00e1 no m\u00eas de janeiro de 2025 pela empresa de consulta popular e promo\u00e7\u00e3o de eventos &#8220;Sete Sinais&#8221; apontou que o agora secret\u00e1rio Ronaldinho (PSD) teve a aprova\u00e7\u00e3o de 70% dos saloaenses na fun\u00e7\u00e3o de vice-prefeito, uma alta taxa de aceita\u00e7\u00e3o para um pol\u00edtico em qualquer cidade do pa\u00eds.<\/p>\n\n\n\n<p>Procurado para comentar os n\u00fameros, Ronaldinho disse que est\u00e1 muito feliz com o resultado da pesquisa e agradece imensamente ao povo de Salo\u00e1, e satisfeito por saber que o seu trabalho ainda \u00e9 lembrado pela popula\u00e7\u00e3o, sobretudo quando exerceu os cargos pol\u00edticos nos \u00faltimos 12 anos de sua vida p\u00fablica.<\/p>\n\n\n<div class=\"wp-block-image\">\n<figure class=\"aligncenter size-full is-resized\"><img loading=\"lazy\" decoding=\"async\" width=\"789\" height=\"936\" src=\"https:\/\/www.saloanoticias.com\/v1\/wp-content\/uploads\/2025\/02\/IMG_4234.jpeg\" alt=\"\" class=\"wp-image-27616\" style=\"width:885px;height:auto\" srcset=\"https:\/\/www.saloanoticias.com\/v1\/wp-content\/uploads\/2025\/02\/IMG_4234.jpeg 789w, https:\/\/www.saloanoticias.com\/v1\/wp-content\/uploads\/2025\/02\/IMG_4234-253x300.jpeg 253w, https:\/\/www.saloanoticias.com\/v1\/wp-content\/uploads\/2025\/02\/IMG_4234-768x911.jpeg 768w\" sizes=\"auto, (max-width: 789px) 100vw, 789px\" \/><\/figure>\n<\/div>\n\n\n<p>Ronaldinho disse ainda, que seu objetivo principal agora nesse novo ciclo profissional \u00e9 de contribuir com o governo do prefeito J\u00fanior de Rivaldo e com o grupo pol\u00edtico do qual faz parte, e dar\u00e1 sua contribui\u00e7\u00e3o para que o brilhante trabalho que vem sendo desenvolvido no munic\u00edpio continue e assim, a popula\u00e7\u00e3o seja ainda mais assistida pelo poder p\u00fablico.<\/p>\n\n\n\n<p>Ronaldinho deve receber o certificado de aprova\u00e7\u00e3o ainda neste m\u00eas de fevereiro de 2025, quando a empresa Sete Sinais vai entregar outras premia\u00e7\u00f5es e honrarias a pol\u00edticos, empres\u00e1rios, profissionais liberais e personalidades saloaenses que se destacaram no ano de 2024.<\/p>\n\n\n\n<figure class=\"wp-block-image size-large\"><img loading=\"lazy\" decoding=\"async\" width=\"1024\" height=\"678\" src=\"https:\/\/www.saloanoticias.com\/v1\/wp-content\/uploads\/2025\/02\/aef795ce-7e55-4447-b4ac-9d93e8e8e3e2-1024x678.jpeg\" alt=\"\" class=\"wp-image-27612\" srcset=\"https:\/\/www.saloanoticias.com\/v1\/wp-content\/uploads\/2025\/02\/aef795ce-7e55-4447-b4ac-9d93e8e8e3e2-1024x678.jpeg 1024w, https:\/\/www.saloanoticias.com\/v1\/wp-content\/uploads\/2025\/02\/aef795ce-7e55-4447-b4ac-9d93e8e8e3e2-300x199.jpeg 300w, https:\/\/www.saloanoticias.com\/v1\/wp-content\/uploads\/2025\/02\/aef795ce-7e55-4447-b4ac-9d93e8e8e3e2-768x509.jpeg 768w, https:\/\/www.saloanoticias.com\/v1\/wp-content\/uploads\/2025\/02\/aef795ce-7e55-4447-b4ac-9d93e8e8e3e2.jpeg 1279w\" sizes=\"auto, (max-width: 1024px) 100vw, 1024px\" \/><\/figure>\n<div style=\"margin-top: 0px; margin-bottom: 0px;\" class=\"sharethis-inline-share-buttons\" ><\/div>","protected":false},"excerpt":{"rendered":"<p>Uma pesquisa de opini\u00e3o p\u00fablica realizada na cidade de Salo\u00e1 no m\u00eas de janeiro de 2025 pela empresa de consulta popular e promo\u00e7\u00e3o de eventos &#8220;Sete Sinais&#8221; apontou que o agora secret\u00e1rio Ronaldinho (PSD) teve a aprova\u00e7\u00e3o de 70% dos saloaenses na fun\u00e7\u00e3o de vice-prefeito, uma alta taxa de aceita\u00e7\u00e3o para um pol\u00edtico em qualquer [&hellip;]<\/p>\n","protected":false},"author":1,"featured_media":27611,"comment_status":"closed","ping_status":"closed","sticky":false,"template":"","format":"standard","meta":{"footnotes":""},"categories":[21],"tags":[22],"class_list":["post-27607","post","type-post","status-publish","format-standard","has-post-thumbnail","hentry","category-cidade","tag-destaques"],"_links":{"self":[{"href":"https:\/\/www.saloanoticias.com\/v1\/wp-json\/wp\/v2\/posts\/27607","targetHints":{"allow":["GET"]}}],"collection":[{"href":"https:\/\/www.saloanoticias.com\/v1\/wp-json\/wp\/v2\/posts"}],"about":[{"href":"https:\/\/www.saloanoticias.com\/v1\/wp-json\/wp\/v2\/types\/post"}],"author":[{"embeddable":true,"href":"https:\/\/www.saloanoticias.com\/v1\/wp-json\/wp\/v2\/users\/1"}],"replies":[{"embeddable":true,"href":"https:\/\/www.saloanoticias.com\/v1\/wp-json\/wp\/v2\/comments?post=27607"}],"version-history":[{"count":9,"href":"https:\/\/www.saloanoticias.com\/v1\/wp-json\/wp\/v2\/posts\/27607\/revisions"}],"predecessor-version":[{"id":27623,"href":"https:\/\/www.saloanoticias.com\/v1\/wp-json\/wp\/v2\/posts\/27607\/revisions\/27623"}],"wp:featuredmedia":[{"embeddable":true,"href":"https:\/\/www.saloanoticias.com\/v1\/wp-json\/wp\/v2\/media\/27611"}],"wp:attachment":[{"href":"https:\/\/www.saloanoticias.com\/v1\/wp-json\/wp\/v2\/media?parent=27607"}],"wp:term":[{"taxonomy":"category","embeddable":true,"href":"https:\/\/www.saloanoticias.com\/v1\/wp-json\/wp\/v2\/categories?post=27607"},{"taxonomy":"post_tag","embeddable":true,"href":"https:\/\/www.saloanoticias.com\/v1\/wp-json\/wp\/v2\/tags?post=27607"}],"curies":[{"name":"wp","href":"https:\/\/api.w.org\/{rel}","templated":true}]}}