{"id":27546,"date":"2025-02-02T21:52:21","date_gmt":"2025-02-03T00:52:21","guid":{"rendered":"https:\/\/www.saloanoticias.com\/v1\/?p=27546"},"modified":"2025-02-03T00:01:19","modified_gmt":"2025-02-03T03:01:19","slug":"em-brasilia-prefeito-de-saloa-prestigia-eleicao-da-mesa-diretora-da-camara-dos-deputados","status":"publish","type":"post","link":"https:\/\/www.saloanoticias.com\/v1\/em-brasilia-prefeito-de-saloa-prestigia-eleicao-da-mesa-diretora-da-camara-dos-deputados\/","title":{"rendered":"Em Bras\u00edlia, prefeito de Salo\u00e1 prestigia elei\u00e7\u00e3o da Mesa Diretora da C\u00e2mara dos Deputados"},"content":{"rendered":"\n<p>O prefeito de Salo\u00e1, J\u00fanior de Rivaldo (PSDB), que tamb\u00e9m exerce a presid\u00eancia da CODEAM (Comiss\u00e3o de Desenvolvimento do Agreste Meridional), esteve a convite em Bras\u00edlia neste s\u00e1bado, dia 1\u00ba de fevereiro, para prestigiar a elei\u00e7\u00e3o da Mesa Diretora da C\u00e2mara dos Deputados, tendo o deputado Hugo Motta do Republicanos (<em>foto<\/em>) sido eleito presidente.   <\/p>\n\n\n\n<p>Na capital federal, J\u00fanior de Rivaldo aproveitou a oportunidade para se reunir com v\u00e1rias autoridades pol\u00edticas no intuito de conseguir a\u00e7\u00f5es e recursos para a sua cidade, entre elas o ministro de Portos e Aeroportos Silvio Costa Filho (Republicanos), Lula da Fonte (PP), aliado pol\u00edtico de primeira hora do gestor saloaense, que foi eleito como 2\u00ba secret\u00e1rio da c\u00e2mara, e tamb\u00e9m o deputado federal Eduardo da Fonte (PP).<\/p>\n\n\n<div class=\"wp-block-image\">\n<figure class=\"aligncenter size-full is-resized\"><img loading=\"lazy\" decoding=\"async\" width=\"728\" height=\"688\" src=\"https:\/\/www.saloanoticias.com\/v1\/wp-content\/uploads\/2025\/02\/IMG_4120.jpeg\" alt=\"\" class=\"wp-image-27560\" style=\"width:854px;height:auto\" srcset=\"https:\/\/www.saloanoticias.com\/v1\/wp-content\/uploads\/2025\/02\/IMG_4120.jpeg 728w, https:\/\/www.saloanoticias.com\/v1\/wp-content\/uploads\/2025\/02\/IMG_4120-300x284.jpeg 300w\" sizes=\"auto, (max-width: 728px) 100vw, 728px\" \/><\/figure>\n<\/div>\n\n\n<p>Nas suas redes sociais, Rivaldo J\u00fanior parabenizou o seu amigo Lula da Fonte pela elei\u00e7\u00e3o como 2\u00ba secret\u00e1rio dizendo que o trabalho do deputado e dedica\u00e7\u00e3o fazem a diferen\u00e7a para Pernambuco. Disse ainda que discutiu com seus aliados projetos que podem trazer avan\u00e7os para Salo\u00e1 e o Agreste Meridional.<\/p>\n\n\n\n<p>\u00c9 importante destacar que o prefeito J\u00fanior vem demonstrando uma grande capacidade de di\u00e1logo influ\u00eancia com as autoridades a n\u00edvel estadual e nacional, o credenciando como um pol\u00edtico habilidoso e de f\u00e1cil circula\u00e7\u00e3o nas esferas do poder, o que pode gerar grandes frutos para a popula\u00e7\u00e3o saloaense.<\/p>\n\n\n\n<p>O prefeito ainda publicou um v\u00eddeo na tarde deste domingo (02), no aeroporto de Bras\u00edlia, antes de embarcar de volta para Pernambuco, afirmando que brevemente vai anunciar boas not\u00edcias para o seu munic\u00edpio e regi\u00e3o.<\/p>\n\n\n<div class=\"wp-block-image\">\n<figure class=\"aligncenter size-full is-resized\"><img loading=\"lazy\" decoding=\"async\" width=\"550\" height=\"698\" src=\"https:\/\/www.saloanoticias.com\/v1\/wp-content\/uploads\/2025\/02\/IMG_4119.jpeg\" alt=\"\" class=\"wp-image-27549\" style=\"width:864px;height:auto\" srcset=\"https:\/\/www.saloanoticias.com\/v1\/wp-content\/uploads\/2025\/02\/IMG_4119.jpeg 550w, https:\/\/www.saloanoticias.com\/v1\/wp-content\/uploads\/2025\/02\/IMG_4119-236x300.jpeg 236w\" sizes=\"auto, (max-width: 550px) 100vw, 550px\" \/><\/figure>\n<\/div><div style=\"margin-top: 0px; margin-bottom: 0px;\" class=\"sharethis-inline-share-buttons\" ><\/div>","protected":false},"excerpt":{"rendered":"<p>O prefeito de Salo\u00e1, J\u00fanior de Rivaldo (PSDB), que tamb\u00e9m exerce a presid\u00eancia da CODEAM (Comiss\u00e3o de Desenvolvimento do Agreste Meridional), esteve a convite em Bras\u00edlia neste s\u00e1bado, dia 1\u00ba de fevereiro, para prestigiar a elei\u00e7\u00e3o da Mesa Diretora da C\u00e2mara dos Deputados, tendo o deputado Hugo Motta do Republicanos (foto) sido eleito presidente. Na [&hellip;]<\/p>\n","protected":false},"author":1,"featured_media":27547,"comment_status":"closed","ping_status":"closed","sticky":false,"template":"","format":"standard","meta":{"footnotes":""},"categories":[26],"tags":[22],"class_list":["post-27546","post","type-post","status-publish","format-standard","has-post-thumbnail","hentry","category-brasil","tag-destaques"],"_links":{"self":[{"href":"https:\/\/www.saloanoticias.com\/v1\/wp-json\/wp\/v2\/posts\/27546","targetHints":{"allow":["GET"]}}],"collection":[{"href":"https:\/\/www.saloanoticias.com\/v1\/wp-json\/wp\/v2\/posts"}],"about":[{"href":"https:\/\/www.saloanoticias.com\/v1\/wp-json\/wp\/v2\/types\/post"}],"author":[{"embeddable":true,"href":"https:\/\/www.saloanoticias.com\/v1\/wp-json\/wp\/v2\/users\/1"}],"replies":[{"embeddable":true,"href":"https:\/\/www.saloanoticias.com\/v1\/wp-json\/wp\/v2\/comments?post=27546"}],"version-history":[{"count":10,"href":"https:\/\/www.saloanoticias.com\/v1\/wp-json\/wp\/v2\/posts\/27546\/revisions"}],"predecessor-version":[{"id":27565,"href":"https:\/\/www.saloanoticias.com\/v1\/wp-json\/wp\/v2\/posts\/27546\/revisions\/27565"}],"wp:featuredmedia":[{"embeddable":true,"href":"https:\/\/www.saloanoticias.com\/v1\/wp-json\/wp\/v2\/media\/27547"}],"wp:attachment":[{"href":"https:\/\/www.saloanoticias.com\/v1\/wp-json\/wp\/v2\/media?parent=27546"}],"wp:term":[{"taxonomy":"category","embeddable":true,"href":"https:\/\/www.saloanoticias.com\/v1\/wp-json\/wp\/v2\/categories?post=27546"},{"taxonomy":"post_tag","embeddable":true,"href":"https:\/\/www.saloanoticias.com\/v1\/wp-json\/wp\/v2\/tags?post=27546"}],"curies":[{"name":"wp","href":"https:\/\/api.w.org\/{rel}","templated":true}]}}