{"id":27537,"date":"2025-02-01T10:47:37","date_gmt":"2025-02-01T13:47:37","guid":{"rendered":"https:\/\/www.saloanoticias.com\/v1\/?p=27537"},"modified":"2025-02-01T21:30:05","modified_gmt":"2025-02-02T00:30:05","slug":"adolescente-acusado-de-feminicidio-em-saloa-esta-preso-em-caruaru","status":"publish","type":"post","link":"https:\/\/www.saloanoticias.com\/v1\/adolescente-acusado-de-feminicidio-em-saloa-esta-preso-em-caruaru\/","title":{"rendered":"Adolescente acusado de feminic\u00eddio em Salo\u00e1 est\u00e1 preso em Caruaru"},"content":{"rendered":"\n<p>Segundo informa\u00e7\u00f5es colhidas pelo Blog Salo\u00e1 Not\u00edcias, o adolescente acusado pela pr\u00e1tica de crime an\u00e1logo ao feminic\u00eddio passou por audi\u00eancia de cust\u00f3dia e foi encaminhado \u00e0 FUNASE da cidade de Caruaru.<\/p>\n\n\n\n<p>Ainda pelas informa\u00e7\u00f5es, o menor desferiu golpes de canivete em Fernanda Silva de Amorim, de 19 anos de idade, no peito e bra\u00e7o, levando a v\u00edtima a \u00f3bito no local, ela que supostamente mantinha um relacionamento amoroso com o acusado.<\/p>\n\n\n\n<p>Segundo a Pol\u00edcia, uma outra jovem que teria participa\u00e7\u00e3o do crime, passou pela audi\u00eancia e depois foi encaminhada para Arcoverde, onde se encontra presa. As investiga\u00e7\u00f5es continuam sob o comando da Delegacia do munic\u00edpio para apurar o que fato aconteceu no dia do fato.<\/p>\n\n\n\n<p>O Blog continuar\u00e1 acompanhando esse lament\u00e1vel epis\u00f3dio que tirou a vida de mais uma v\u00edtima mulher no munic\u00edpio. Vale lembrar que a 145\u00aa Delegacia de Pol\u00edcia Civil, localizada na cidade de Salo\u00e1\/PE, tem um canal para recebimento de queixas e den\u00fancias.<\/p>\n\n\n<div class=\"wp-block-image\">\n<figure class=\"aligncenter size-full is-resized\"><img loading=\"lazy\" decoding=\"async\" width=\"717\" height=\"811\" src=\"https:\/\/www.saloanoticias.com\/v1\/wp-content\/uploads\/2025\/02\/WhatsApp-Image-2021-04-18-at-13.57.57-1.jpeg\" alt=\"\" class=\"wp-image-27542\" style=\"width:757px;height:auto\" srcset=\"https:\/\/www.saloanoticias.com\/v1\/wp-content\/uploads\/2025\/02\/WhatsApp-Image-2021-04-18-at-13.57.57-1.jpeg 717w, https:\/\/www.saloanoticias.com\/v1\/wp-content\/uploads\/2025\/02\/WhatsApp-Image-2021-04-18-at-13.57.57-1-265x300.jpeg 265w\" sizes=\"auto, (max-width: 717px) 100vw, 717px\" \/><\/figure>\n<\/div>\n\n\n<p>A popula\u00e7\u00e3o pode entrar diretamente em contato com os investigadores e fornecer informa\u00e7\u00f5es sobre atos de viol\u00eancia e crimes graves. Mas, aten\u00e7\u00e3o ! Falsa den\u00fancia de crime \u00e9 crime, por isso, s\u00f3 ligue se for realmente necess\u00e1rio! A pol\u00edcia informa ainda que segue os protocolos de seguran\u00e7a e garante sigilo absoluto da den\u00fancia.<\/p>\n\n\n<div class=\"wp-block-image\">\n<figure class=\"aligncenter size-full\"><img loading=\"lazy\" decoding=\"async\" width=\"1024\" height=\"1024\" src=\"https:\/\/www.saloanoticias.com\/v1\/wp-content\/uploads\/2025\/02\/WhatsApp-Image-2021-04-18-at-13.57.57-2-1024x1024-1.jpeg\" alt=\"\" class=\"wp-image-27538\" srcset=\"https:\/\/www.saloanoticias.com\/v1\/wp-content\/uploads\/2025\/02\/WhatsApp-Image-2021-04-18-at-13.57.57-2-1024x1024-1.jpeg 1024w, https:\/\/www.saloanoticias.com\/v1\/wp-content\/uploads\/2025\/02\/WhatsApp-Image-2021-04-18-at-13.57.57-2-1024x1024-1-300x300.jpeg 300w, https:\/\/www.saloanoticias.com\/v1\/wp-content\/uploads\/2025\/02\/WhatsApp-Image-2021-04-18-at-13.57.57-2-1024x1024-1-150x150.jpeg 150w, https:\/\/www.saloanoticias.com\/v1\/wp-content\/uploads\/2025\/02\/WhatsApp-Image-2021-04-18-at-13.57.57-2-1024x1024-1-768x768.jpeg 768w, https:\/\/www.saloanoticias.com\/v1\/wp-content\/uploads\/2025\/02\/WhatsApp-Image-2021-04-18-at-13.57.57-2-1024x1024-1-80x80.jpeg 80w\" sizes=\"auto, (max-width: 1024px) 100vw, 1024px\" \/><\/figure>\n<\/div><div style=\"margin-top: 0px; margin-bottom: 0px;\" class=\"sharethis-inline-share-buttons\" ><\/div>","protected":false},"excerpt":{"rendered":"<p>Segundo informa\u00e7\u00f5es colhidas pelo Blog Salo\u00e1 Not\u00edcias, o adolescente acusado pela pr\u00e1tica de crime an\u00e1logo ao feminic\u00eddio passou por audi\u00eancia de cust\u00f3dia e foi encaminhado \u00e0 FUNASE da cidade de Caruaru. Ainda pelas informa\u00e7\u00f5es, o menor desferiu golpes de canivete em Fernanda Silva de Amorim, de 19 anos de idade, no peito e bra\u00e7o, levando [&hellip;]<\/p>\n","protected":false},"author":1,"featured_media":27540,"comment_status":"closed","ping_status":"closed","sticky":false,"template":"","format":"standard","meta":{"footnotes":""},"categories":[19],"tags":[22],"class_list":["post-27537","post","type-post","status-publish","format-standard","has-post-thumbnail","hentry","category-policial","tag-destaques"],"_links":{"self":[{"href":"https:\/\/www.saloanoticias.com\/v1\/wp-json\/wp\/v2\/posts\/27537","targetHints":{"allow":["GET"]}}],"collection":[{"href":"https:\/\/www.saloanoticias.com\/v1\/wp-json\/wp\/v2\/posts"}],"about":[{"href":"https:\/\/www.saloanoticias.com\/v1\/wp-json\/wp\/v2\/types\/post"}],"author":[{"embeddable":true,"href":"https:\/\/www.saloanoticias.com\/v1\/wp-json\/wp\/v2\/users\/1"}],"replies":[{"embeddable":true,"href":"https:\/\/www.saloanoticias.com\/v1\/wp-json\/wp\/v2\/comments?post=27537"}],"version-history":[{"count":3,"href":"https:\/\/www.saloanoticias.com\/v1\/wp-json\/wp\/v2\/posts\/27537\/revisions"}],"predecessor-version":[{"id":27545,"href":"https:\/\/www.saloanoticias.com\/v1\/wp-json\/wp\/v2\/posts\/27537\/revisions\/27545"}],"wp:featuredmedia":[{"embeddable":true,"href":"https:\/\/www.saloanoticias.com\/v1\/wp-json\/wp\/v2\/media\/27540"}],"wp:attachment":[{"href":"https:\/\/www.saloanoticias.com\/v1\/wp-json\/wp\/v2\/media?parent=27537"}],"wp:term":[{"taxonomy":"category","embeddable":true,"href":"https:\/\/www.saloanoticias.com\/v1\/wp-json\/wp\/v2\/categories?post=27537"},{"taxonomy":"post_tag","embeddable":true,"href":"https:\/\/www.saloanoticias.com\/v1\/wp-json\/wp\/v2\/tags?post=27537"}],"curies":[{"name":"wp","href":"https:\/\/api.w.org\/{rel}","templated":true}]}}