{"id":27523,"date":"2025-01-30T22:58:23","date_gmt":"2025-01-31T01:58:23","guid":{"rendered":"https:\/\/www.saloanoticias.com\/v1\/?p=27523"},"modified":"2025-01-31T09:39:51","modified_gmt":"2025-01-31T12:39:51","slug":"mulher-tira-a-propria-vida-com-uma-corda-no-bairro-da-cohab-velha-em-saloa-pe","status":"publish","type":"post","link":"https:\/\/www.saloanoticias.com\/v1\/mulher-tira-a-propria-vida-com-uma-corda-no-bairro-da-cohab-velha-em-saloa-pe\/","title":{"rendered":"Mulher tira a pr\u00f3pria vida no Bairro da Cohab Velha em Salo\u00e1\/PE"},"content":{"rendered":"\n<p>Uma mulher conhecida por Rozilene Braz da Silva de 45 anos de idade tirou a pr\u00f3pria vida com uma corda no pesco\u00e7o no in\u00edcio da noite desta quinta-feira (30) no bairro da Cohab Velha na cidade de Salo\u00e1\/PE.<\/p>\n\n\n\n<p>A Pol\u00edcia Civil foi informada do caso, se encaminhou para o local e come\u00e7ou as primeiras investiga\u00e7\u00f5es. O corpo da v\u00edtima foi encaminhado para o Instituto M\u00e9dico Legal da cidade de Caruaru onde dever\u00e1 passar pelo exame cadav\u00e9rico e em seguida liberado para a fam\u00edlia realizar o sepultamento.<\/p>\n\n\n\n<p>N\u00e3o se sabe os motivos que levaram esta mulher a se suicidar, mas o fato chocou os familiares e amigos por conta das circunst\u00e2ncias da morte.<\/p>\n\n\n\n<p>Segundo as informa\u00e7\u00f5es, ela era usu\u00e1rio do CAPS (Centro de Assist\u00eancia Psicossocial) do munic\u00edpio. A qualquer momento mais informa\u00e7\u00f5es sobre este lament\u00e1vel caso.<\/p>\n<div style=\"margin-top: 0px; margin-bottom: 0px;\" class=\"sharethis-inline-share-buttons\" ><\/div>","protected":false},"excerpt":{"rendered":"<p>Uma mulher conhecida por Rozilene Braz da Silva de 45 anos de idade tirou a pr\u00f3pria vida com uma corda no pesco\u00e7o no in\u00edcio da noite desta quinta-feira (30) no bairro da Cohab Velha na cidade de Salo\u00e1\/PE. A Pol\u00edcia Civil foi informada do caso, se encaminhou para o local e come\u00e7ou as primeiras investiga\u00e7\u00f5es. [&hellip;]<\/p>\n","protected":false},"author":1,"featured_media":27525,"comment_status":"closed","ping_status":"closed","sticky":false,"template":"","format":"standard","meta":{"footnotes":""},"categories":[19],"tags":[22],"class_list":["post-27523","post","type-post","status-publish","format-standard","has-post-thumbnail","hentry","category-policial","tag-destaques"],"_links":{"self":[{"href":"https:\/\/www.saloanoticias.com\/v1\/wp-json\/wp\/v2\/posts\/27523","targetHints":{"allow":["GET"]}}],"collection":[{"href":"https:\/\/www.saloanoticias.com\/v1\/wp-json\/wp\/v2\/posts"}],"about":[{"href":"https:\/\/www.saloanoticias.com\/v1\/wp-json\/wp\/v2\/types\/post"}],"author":[{"embeddable":true,"href":"https:\/\/www.saloanoticias.com\/v1\/wp-json\/wp\/v2\/users\/1"}],"replies":[{"embeddable":true,"href":"https:\/\/www.saloanoticias.com\/v1\/wp-json\/wp\/v2\/comments?post=27523"}],"version-history":[{"count":5,"href":"https:\/\/www.saloanoticias.com\/v1\/wp-json\/wp\/v2\/posts\/27523\/revisions"}],"predecessor-version":[{"id":27535,"href":"https:\/\/www.saloanoticias.com\/v1\/wp-json\/wp\/v2\/posts\/27523\/revisions\/27535"}],"wp:featuredmedia":[{"embeddable":true,"href":"https:\/\/www.saloanoticias.com\/v1\/wp-json\/wp\/v2\/media\/27525"}],"wp:attachment":[{"href":"https:\/\/www.saloanoticias.com\/v1\/wp-json\/wp\/v2\/media?parent=27523"}],"wp:term":[{"taxonomy":"category","embeddable":true,"href":"https:\/\/www.saloanoticias.com\/v1\/wp-json\/wp\/v2\/categories?post=27523"},{"taxonomy":"post_tag","embeddable":true,"href":"https:\/\/www.saloanoticias.com\/v1\/wp-json\/wp\/v2\/tags?post=27523"}],"curies":[{"name":"wp","href":"https:\/\/api.w.org\/{rel}","templated":true}]}}