{"id":27417,"date":"2025-01-18T13:15:13","date_gmt":"2025-01-18T16:15:13","guid":{"rendered":"https:\/\/www.saloanoticias.com\/v1\/?p=27417"},"modified":"2025-01-18T13:15:15","modified_gmt":"2025-01-18T16:15:15","slug":"governo-raquel-lyra-ja-investiu-r-21-bilhoes-dos-r-51-bilhoes-programados-para-o-pe-na-estrada","status":"publish","type":"post","link":"https:\/\/www.saloanoticias.com\/v1\/governo-raquel-lyra-ja-investiu-r-21-bilhoes-dos-r-51-bilhoes-programados-para-o-pe-na-estrada\/","title":{"rendered":"Governo Raquel Lyra j\u00e1 investiu R$ 2,1 bilh\u00f5es dos R$ 5,1 bilh\u00f5es programados para o PE na Estrada"},"content":{"rendered":"\n<p>Do total de R$ 5,1 bilh\u00f5es destinados ao PE na Estrada, maior programa de infraestrutura rodovi\u00e1ria de Pernambuco, j\u00e1 foram empregados R$ 2,1 bilh\u00f5es at\u00e9 o momento. Esses recursos se traduzem em obras e interven\u00e7\u00f5es em todas as regi\u00f5es pernambucanas.<\/p>\n\n\n\n<p>Al\u00e9m das entregas j\u00e1 realizadas pelo Governo Raquel Lyra em dois anos de gest\u00e3o, h\u00e1 uma s\u00e9rie de servi\u00e7os em curso e de projetos ganhando contornos cada vez mais reais para atender a demandas antigas da popula\u00e7\u00e3o.<\/p>\n\n\n\n<p>No fim do ano passado, por exemplo, a gest\u00e3o estadual publicou o edital de licita\u00e7\u00e3o para o segmento dois do Arco Metropolitano, no trecho entre o munic\u00edpio de Moreno e a BR-101, no Cabo de Santo Agostinho, em uma extens\u00e3o total de 25,3 quil\u00f4metros.<\/p>\n\n\n\n<p>Tamb\u00e9m em 2024 o Estado anunciou a publica\u00e7\u00e3o dos editais de licita\u00e7\u00e3o para contrata\u00e7\u00e3o das empresas respons\u00e1veis pela elabora\u00e7\u00e3o dos projetos de duplica\u00e7\u00e3o e restaura\u00e7\u00e3o da BR-232, do munic\u00edpio de S\u00e3o Caetano, no Agreste, at\u00e9 Serra Talhada, no Sert\u00e3o. O trecho compreende uma extens\u00e3o de 264,9 quil\u00f4metros.<\/p>\n\n\n<div class=\"wp-block-image\">\n<figure class=\"aligncenter size-large\"><img loading=\"lazy\" decoding=\"async\" width=\"1024\" height=\"682\" src=\"https:\/\/www.saloanoticias.com\/v1\/wp-content\/uploads\/2025\/01\/Janaina-Pepeu_Secom-1024x682.jpeg\" alt=\"\" class=\"wp-image-27419\" srcset=\"https:\/\/www.saloanoticias.com\/v1\/wp-content\/uploads\/2025\/01\/Janaina-Pepeu_Secom-1024x682.jpeg 1024w, https:\/\/www.saloanoticias.com\/v1\/wp-content\/uploads\/2025\/01\/Janaina-Pepeu_Secom-300x200.jpeg 300w, https:\/\/www.saloanoticias.com\/v1\/wp-content\/uploads\/2025\/01\/Janaina-Pepeu_Secom-768x512.jpeg 768w, https:\/\/www.saloanoticias.com\/v1\/wp-content\/uploads\/2025\/01\/Janaina-Pepeu_Secom-1536x1023.jpeg 1536w, https:\/\/www.saloanoticias.com\/v1\/wp-content\/uploads\/2025\/01\/Janaina-Pepeu_Secom.jpeg 1600w\" sizes=\"auto, (max-width: 1024px) 100vw, 1024px\" \/><\/figure>\n<\/div>\n\n\n<p>&#8220;A recupera\u00e7\u00e3o da malha vi\u00e1ria de Pernambuco \u00e9 urgente e necess\u00e1ria para garantir a seguran\u00e7a de motoristas e pedestres, incrementar o turismo e facilitar o escoamento de produtos. Com o PE na Estrada, estamos atuando em rodovias, estradas vicinais e tamb\u00e9m no cal\u00e7amento urbano. S\u00e3o interven\u00e7\u00f5es realizadas desde janeiro de 2023 e que vamos intensificando cada vez mais.<\/p>\n\n\n\n<p>Em todas as regi\u00f5es do Estado, h\u00e1 obras finalizadas, mudando para melhor a infraestrutura de Pernambuco. Os trabalhos continuam para que possamos fazer novas entregas&#8221;, afirmou a governadora Raquel Lyra.<\/p>\n\n\n\n<p>O PE na estrada engloba a\u00e7\u00f5es de implanta\u00e7\u00e3o, restaura\u00e7\u00e3o e conserva\u00e7\u00e3o de estradas em um total de mais de 3,5 mil quil\u00f4metros. Desse total, mais de 1,5 mil quil\u00f4metros de vias j\u00e1 foram recuperados. \u201cEncontramos Pernambuco na nada honrosa 20\u00aa coloca\u00e7\u00e3o no ranking de qualidade de rodovias do Brasil.<\/p>\n\n\n\n<p>Estamos trabalhando para reverter esse quadro por respeito \u00e0s milhares de pessoas que trafegam em nossas estradas diariamente. Um estado da grandeza do nosso precisa ter uma malha vi\u00e1ria adequada, que preserve vidas e gere benef\u00edcios econ\u00f4micos\u201d, pontuou a vice-governadora Priscila Krause.<\/p>\n\n\n\n<p>Boa parte das obras vi\u00e1rias realizadas ao longo dos dois primeiros anos de governo foram oriundas das escutas do \u201cOuvir para Mudar\u201d, realizadas em todas as regi\u00f5es do Estado. Na Regi\u00e3o Metropolitana do Recife (RMR), a gest\u00e3o estadual concluiu recentemente as obras de restaura\u00e7\u00e3o da PE-017, mais conhecida como Estrada da Muribeca, em Jaboat\u00e3o dos Guararapes, recuperando 11,8 quil\u00f4metros com investimento de R$ 40,4 milh\u00f5es.<\/p>\n\n\n\n<p>Ainda na RMR, a PE-015 \u00e9 outra importante rodovia contemplada com obras de recupera\u00e7\u00e3o e requalifica\u00e7\u00e3o de 23,69 quil\u00f4metros e investimento de R$ 219 milh\u00f5es. \u201cA requalifica\u00e7\u00e3o da PE-015 \u00e9 uma obra estrat\u00e9gica para a mobilidade urbana da Regi\u00e3o Metropolitana do Recife.<\/p>\n\n\n\n<p>Com mais de 60 mil ve\u00edculos utilizando diariamente essa via, os avan\u00e7os que j\u00e1 alcan\u00e7amos, como o corredor exclusivo de \u00f4nibus e a pavimenta\u00e7\u00e3o da pista de tr\u00e1fego misto, s\u00e3o essenciais para garantir seguran\u00e7a, fluidez e efici\u00eancia no tr\u00e2nsito.<\/p>\n\n\n<div class=\"wp-block-image\">\n<figure class=\"aligncenter size-large\"><img loading=\"lazy\" decoding=\"async\" width=\"1024\" height=\"682\" src=\"https:\/\/www.saloanoticias.com\/v1\/wp-content\/uploads\/2025\/01\/Ed-Machado_Governo-de-Pernambuco-1024x682.jpeg\" alt=\"\" class=\"wp-image-27420\" srcset=\"https:\/\/www.saloanoticias.com\/v1\/wp-content\/uploads\/2025\/01\/Ed-Machado_Governo-de-Pernambuco-1024x682.jpeg 1024w, https:\/\/www.saloanoticias.com\/v1\/wp-content\/uploads\/2025\/01\/Ed-Machado_Governo-de-Pernambuco-300x200.jpeg 300w, https:\/\/www.saloanoticias.com\/v1\/wp-content\/uploads\/2025\/01\/Ed-Machado_Governo-de-Pernambuco-768x512.jpeg 768w, https:\/\/www.saloanoticias.com\/v1\/wp-content\/uploads\/2025\/01\/Ed-Machado_Governo-de-Pernambuco-1536x1023.jpeg 1536w, https:\/\/www.saloanoticias.com\/v1\/wp-content\/uploads\/2025\/01\/Ed-Machado_Governo-de-Pernambuco.jpeg 1600w\" sizes=\"auto, (max-width: 1024px) 100vw, 1024px\" \/><\/figure>\n<\/div>\n\n\n<p>Estamos trabalhando com empenho para entregar uma infraestrutura moderna e funcional, beneficiando diretamente habitantes dos munic\u00edpios impactados por esse projeto. Nossa meta \u00e9 concluir toda a obra at\u00e9 abril\u201d, informou o secret\u00e1rio de Mobilidade e Infraestrutura, Diogo Bezerra.<\/p>\n\n\n\n<p><strong>OBRAS<\/strong>\u00a0&#8211; As obras percorrem todo o Estado, gerando emprego e renda e assegurando melhores condi\u00e7\u00f5es de trafegabilidade. No Litoral Sul, segue em fase de conclus\u00e3o a restaura\u00e7\u00e3o de 5,24 quil\u00f4metros do acesso \u00e0 praia de Muro Alto (APE-009), obra que conta com recursos de R$ 16,3 milh\u00f5es. A PE-060, via que liga o Grande Recife ao Litoral Sul, \u00e0 Mata Sul e ao estado de Alagoas, com 85,85 quil\u00f4metros de extens\u00e3o, est\u00e1 sendo totalmente recuperada e requalificada com investimento de R$ 78 milh\u00f5es.<\/p>\n\n\n\n<p>Na Mata Sul, est\u00e1 sendo conclu\u00edda a restaura\u00e7\u00e3o da PE-045, que liga Vit\u00f3ria de Santo Ant\u00e3o a Escada, uma obra fundamental para o desenvolvimento da regi\u00e3o. Na Mata Norte, est\u00e3o em andamento as obras de restaura\u00e7\u00e3o da PE-075 (Goiana-Ibirganga) e a PE-062 (Alian\u00e7a-Condado), rodovias importantes para o crescimento socioecon\u00f4mico desta regi\u00e3o, facilitando o escoamento da produ\u00e7\u00e3o agr\u00edcola e industrial do polo automotivo de Goiana.<\/p>\n\n\n\n<p>No Agreste, destaque para a BR-104 (Caruaru-Taquaritinga do Norte), APE-104 (Acesso ao Hospital Regional do Agreste), PE-095 (Limoeiro-Caruaru), PE-109 (Bonito-Agrestina), PE-149 (Lajedo-Agrestina), entre outras, al\u00e9m da conclus\u00e3o da PE-145, que leva a Fazenda Nova, onde acontece os espet\u00e1culos da Paix\u00e3o de Cristo.<\/p>\n\n\n\n<p>J\u00e1 no Sert\u00e3o, importantes rodovias da regi\u00e3o receberam interven\u00e7\u00f5es de restaura\u00e7\u00e3o e pavimenta\u00e7\u00e3o, como a PE-425, entre Floresta e Carnaubeira da Penha; a PE-499, conhecida como a Estrada da Cebola, que vai de Terra Nova a Cabrob\u00f3; al\u00e9m das PEs 633, 638 e 654, na regi\u00e3o do S\u00e3o Francisco, que contribuir\u00e3o para o escoamento da produ\u00e7\u00e3o agr\u00edcola.<\/p>\n\n\n\n<p>Al\u00e9m da Secretaria de Mobilidade de Infraestrutura, a atua\u00e7\u00e3o do Departamento de Estradas de Rodagem de Pernambuco (DER-PE) tem sido decisiva na execu\u00e7\u00e3o do PE na Estrada. \u201cCom um trabalho cont\u00ednuo e comprometido, conseguimos avan\u00e7ar significativamente nas a\u00e7\u00f5es de restaura\u00e7\u00e3o das rodovias estaduais, garantindo mais seguran\u00e7a e qualidade de vida para os pernambucanos.<\/p>\n\n\n\n<p>Estamos avan\u00e7ando com responsabilidade e vis\u00e3o de futuro, pavimentando o caminho para um Pernambuco mais forte e desenvolvido&#8221;, declarou o diretor-presidente do DER-PE, Rivaldo Melo.<\/p>\n<div style=\"margin-top: 0px; margin-bottom: 0px;\" class=\"sharethis-inline-share-buttons\" ><\/div>","protected":false},"excerpt":{"rendered":"<p>Do total de R$ 5,1 bilh\u00f5es destinados ao PE na Estrada, maior programa de infraestrutura rodovi\u00e1ria de Pernambuco, j\u00e1 foram empregados R$ 2,1 bilh\u00f5es at\u00e9 o momento. Esses recursos se traduzem em obras e interven\u00e7\u00f5es em todas as regi\u00f5es pernambucanas. Al\u00e9m das entregas j\u00e1 realizadas pelo Governo Raquel Lyra em dois anos de gest\u00e3o, h\u00e1 [&hellip;]<\/p>\n","protected":false},"author":1,"featured_media":27418,"comment_status":"closed","ping_status":"closed","sticky":false,"template":"","format":"standard","meta":{"footnotes":""},"categories":[21],"tags":[22],"class_list":["post-27417","post","type-post","status-publish","format-standard","has-post-thumbnail","hentry","category-cidade","tag-destaques"],"_links":{"self":[{"href":"https:\/\/www.saloanoticias.com\/v1\/wp-json\/wp\/v2\/posts\/27417","targetHints":{"allow":["GET"]}}],"collection":[{"href":"https:\/\/www.saloanoticias.com\/v1\/wp-json\/wp\/v2\/posts"}],"about":[{"href":"https:\/\/www.saloanoticias.com\/v1\/wp-json\/wp\/v2\/types\/post"}],"author":[{"embeddable":true,"href":"https:\/\/www.saloanoticias.com\/v1\/wp-json\/wp\/v2\/users\/1"}],"replies":[{"embeddable":true,"href":"https:\/\/www.saloanoticias.com\/v1\/wp-json\/wp\/v2\/comments?post=27417"}],"version-history":[{"count":1,"href":"https:\/\/www.saloanoticias.com\/v1\/wp-json\/wp\/v2\/posts\/27417\/revisions"}],"predecessor-version":[{"id":27421,"href":"https:\/\/www.saloanoticias.com\/v1\/wp-json\/wp\/v2\/posts\/27417\/revisions\/27421"}],"wp:featuredmedia":[{"embeddable":true,"href":"https:\/\/www.saloanoticias.com\/v1\/wp-json\/wp\/v2\/media\/27418"}],"wp:attachment":[{"href":"https:\/\/www.saloanoticias.com\/v1\/wp-json\/wp\/v2\/media?parent=27417"}],"wp:term":[{"taxonomy":"category","embeddable":true,"href":"https:\/\/www.saloanoticias.com\/v1\/wp-json\/wp\/v2\/categories?post=27417"},{"taxonomy":"post_tag","embeddable":true,"href":"https:\/\/www.saloanoticias.com\/v1\/wp-json\/wp\/v2\/tags?post=27417"}],"curies":[{"name":"wp","href":"https:\/\/api.w.org\/{rel}","templated":true}]}}