{"id":27400,"date":"2025-01-15T20:35:39","date_gmt":"2025-01-15T23:35:39","guid":{"rendered":"https:\/\/www.saloanoticias.com\/v1\/?p=27400"},"modified":"2025-01-15T21:22:55","modified_gmt":"2025-01-16T00:22:55","slug":"idosa-natural-de-saloa-faleceu-nesta-quarta-feira-15-com-diagnostico-de-covid","status":"publish","type":"post","link":"https:\/\/www.saloanoticias.com\/v1\/idosa-natural-de-saloa-faleceu-nesta-quarta-feira-15-com-diagnostico-de-covid\/","title":{"rendered":"Idosa natural de Salo\u00e1 faleceu nesta quarta-feira (15) com suspeita de Covid-19"},"content":{"rendered":"\n<p>Uma idosa saloaense de 81 anos morreu nesta quarta-feira (15) com suspeita de Covid-19 no Hospital Dom Moura. Ela foi internada com sintomas no Josina Godoy e depois transferida para Garanhuns.<\/p>\n\n\n\n<p>O caso acendeu o sinal de alerta da Secretaria de Sa\u00fade local para poss\u00edveis novas infec\u00e7\u00f5es pela doen\u00e7a e releva a necessidade de manter em dia a imuniza\u00e7\u00e3o contra a Covid-19. Ainda segundo as nossas fontes, outros casos est\u00e3o em investiga\u00e7\u00e3o em Salo\u00e1.<\/p>\n\n\n\n<p>A idosa foi sepultada na manh\u00e3 de hoje com todos os protocolos recomendados para quem morre com sintomas da doen\u00e7a. \u00c9 importante frisar que as pessoas com sintomas de Covid-19 procurem os \u00f3rg\u00e3os de sa\u00fade para confirma\u00e7\u00e3o do diagn\u00f3stico.<\/p>\n<div style=\"margin-top: 0px; margin-bottom: 0px;\" class=\"sharethis-inline-share-buttons\" ><\/div>","protected":false},"excerpt":{"rendered":"<p>Uma idosa saloaense de 81 anos morreu nesta quarta-feira (15) com suspeita de Covid-19 no Hospital Dom Moura. Ela foi internada com sintomas no Josina Godoy e depois transferida para Garanhuns. O caso acendeu o sinal de alerta da Secretaria de Sa\u00fade local para poss\u00edveis novas infec\u00e7\u00f5es pela doen\u00e7a e releva a necessidade de manter [&hellip;]<\/p>\n","protected":false},"author":1,"featured_media":27401,"comment_status":"closed","ping_status":"closed","sticky":false,"template":"","format":"standard","meta":{"footnotes":""},"categories":[18],"tags":[22],"class_list":["post-27400","post","type-post","status-publish","format-standard","has-post-thumbnail","hentry","category-saude","tag-destaques"],"_links":{"self":[{"href":"https:\/\/www.saloanoticias.com\/v1\/wp-json\/wp\/v2\/posts\/27400","targetHints":{"allow":["GET"]}}],"collection":[{"href":"https:\/\/www.saloanoticias.com\/v1\/wp-json\/wp\/v2\/posts"}],"about":[{"href":"https:\/\/www.saloanoticias.com\/v1\/wp-json\/wp\/v2\/types\/post"}],"author":[{"embeddable":true,"href":"https:\/\/www.saloanoticias.com\/v1\/wp-json\/wp\/v2\/users\/1"}],"replies":[{"embeddable":true,"href":"https:\/\/www.saloanoticias.com\/v1\/wp-json\/wp\/v2\/comments?post=27400"}],"version-history":[{"count":5,"href":"https:\/\/www.saloanoticias.com\/v1\/wp-json\/wp\/v2\/posts\/27400\/revisions"}],"predecessor-version":[{"id":27408,"href":"https:\/\/www.saloanoticias.com\/v1\/wp-json\/wp\/v2\/posts\/27400\/revisions\/27408"}],"wp:featuredmedia":[{"embeddable":true,"href":"https:\/\/www.saloanoticias.com\/v1\/wp-json\/wp\/v2\/media\/27401"}],"wp:attachment":[{"href":"https:\/\/www.saloanoticias.com\/v1\/wp-json\/wp\/v2\/media?parent=27400"}],"wp:term":[{"taxonomy":"category","embeddable":true,"href":"https:\/\/www.saloanoticias.com\/v1\/wp-json\/wp\/v2\/categories?post=27400"},{"taxonomy":"post_tag","embeddable":true,"href":"https:\/\/www.saloanoticias.com\/v1\/wp-json\/wp\/v2\/tags?post=27400"}],"curies":[{"name":"wp","href":"https:\/\/api.w.org\/{rel}","templated":true}]}}