{"id":27384,"date":"2025-01-12T23:03:30","date_gmt":"2025-01-13T02:03:30","guid":{"rendered":"https:\/\/www.saloanoticias.com\/v1\/?p=27384"},"modified":"2025-01-13T19:10:42","modified_gmt":"2025-01-13T22:10:42","slug":"prefeitura-emite-nota-sobre-as-fortes-chuvas-em-saloa","status":"publish","type":"post","link":"https:\/\/www.saloanoticias.com\/v1\/prefeitura-emite-nota-sobre-as-fortes-chuvas-em-saloa\/","title":{"rendered":"Prefeitura emite nota sobre as fortes chuvas em Salo\u00e1"},"content":{"rendered":"\n<p>Comunicado Oficial: Devido \u00e0s fortes chuvas que atingem nosso munic\u00edpio, informamos a suspens\u00e3o tempor\u00e1ria do atendimento em todas as reparti\u00e7\u00f5es p\u00fablicas municipais, exceto o Hospital Municipal.<\/p>\n\n\n\n<p>Nossas equipes est\u00e3o trabalhando intensamente no mapeamento dos danos causados pelo excesso de chuvas, com o objetivo de identificar as \u00e1reas mais afetadas e atender \u00e0s necessidades da popula\u00e7\u00e3o de forma r\u00e1pida e eficiente.<\/p>\n\n\n\n<p>Refor\u00e7amos o pedido para que os moradores, sempre que poss\u00edvel, permane\u00e7am em suas resid\u00eancias, evitando situa\u00e7\u00f5es de risco e garantindo a seguran\u00e7a de todos.<\/p>\n\n\n\n<p>Seguimos \u00e0 disposi\u00e7\u00e3o para emerg\u00eancias e continuaremos atualizando a popula\u00e7\u00e3o sobre as pr\u00f3ximas medidas. Agradecemos pela compreens\u00e3o e colabora\u00e7\u00e3o de todos.<\/p>\n\n\n\n<p>Prefeitura Municipal de Salo\u00e1<\/p>\n\n\n<div class=\"wp-block-image\">\n<figure class=\"aligncenter size-full\"><img loading=\"lazy\" decoding=\"async\" width=\"960\" height=\"606\" src=\"https:\/\/www.saloanoticias.com\/v1\/wp-content\/uploads\/2025\/01\/IMG_3862.jpeg\" alt=\"\" class=\"wp-image-27385\" srcset=\"https:\/\/www.saloanoticias.com\/v1\/wp-content\/uploads\/2025\/01\/IMG_3862.jpeg 960w, https:\/\/www.saloanoticias.com\/v1\/wp-content\/uploads\/2025\/01\/IMG_3862-300x189.jpeg 300w, https:\/\/www.saloanoticias.com\/v1\/wp-content\/uploads\/2025\/01\/IMG_3862-768x485.jpeg 768w\" sizes=\"auto, (max-width: 960px) 100vw, 960px\" \/><\/figure>\n<\/div><div style=\"margin-top: 0px; margin-bottom: 0px;\" class=\"sharethis-inline-share-buttons\" ><\/div>","protected":false},"excerpt":{"rendered":"<p>Comunicado Oficial: Devido \u00e0s fortes chuvas que atingem nosso munic\u00edpio, informamos a suspens\u00e3o tempor\u00e1ria do atendimento em todas as reparti\u00e7\u00f5es p\u00fablicas municipais, exceto o Hospital Municipal. Nossas equipes est\u00e3o trabalhando intensamente no mapeamento dos danos causados pelo excesso de chuvas, com o objetivo de identificar as \u00e1reas mais afetadas e atender \u00e0s necessidades da popula\u00e7\u00e3o [&hellip;]<\/p>\n","protected":false},"author":1,"featured_media":27387,"comment_status":"closed","ping_status":"closed","sticky":false,"template":"","format":"standard","meta":{"footnotes":""},"categories":[21],"tags":[22],"class_list":["post-27384","post","type-post","status-publish","format-standard","has-post-thumbnail","hentry","category-cidade","tag-destaques"],"_links":{"self":[{"href":"https:\/\/www.saloanoticias.com\/v1\/wp-json\/wp\/v2\/posts\/27384","targetHints":{"allow":["GET"]}}],"collection":[{"href":"https:\/\/www.saloanoticias.com\/v1\/wp-json\/wp\/v2\/posts"}],"about":[{"href":"https:\/\/www.saloanoticias.com\/v1\/wp-json\/wp\/v2\/types\/post"}],"author":[{"embeddable":true,"href":"https:\/\/www.saloanoticias.com\/v1\/wp-json\/wp\/v2\/users\/1"}],"replies":[{"embeddable":true,"href":"https:\/\/www.saloanoticias.com\/v1\/wp-json\/wp\/v2\/comments?post=27384"}],"version-history":[{"count":2,"href":"https:\/\/www.saloanoticias.com\/v1\/wp-json\/wp\/v2\/posts\/27384\/revisions"}],"predecessor-version":[{"id":27388,"href":"https:\/\/www.saloanoticias.com\/v1\/wp-json\/wp\/v2\/posts\/27384\/revisions\/27388"}],"wp:featuredmedia":[{"embeddable":true,"href":"https:\/\/www.saloanoticias.com\/v1\/wp-json\/wp\/v2\/media\/27387"}],"wp:attachment":[{"href":"https:\/\/www.saloanoticias.com\/v1\/wp-json\/wp\/v2\/media?parent=27384"}],"wp:term":[{"taxonomy":"category","embeddable":true,"href":"https:\/\/www.saloanoticias.com\/v1\/wp-json\/wp\/v2\/categories?post=27384"},{"taxonomy":"post_tag","embeddable":true,"href":"https:\/\/www.saloanoticias.com\/v1\/wp-json\/wp\/v2\/tags?post=27384"}],"curies":[{"name":"wp","href":"https:\/\/api.w.org\/{rel}","templated":true}]}}