{"id":27378,"date":"2025-01-12T13:56:01","date_gmt":"2025-01-12T16:56:01","guid":{"rendered":"https:\/\/www.saloanoticias.com\/v1\/?p=27378"},"modified":"2025-01-12T14:32:21","modified_gmt":"2025-01-12T17:32:21","slug":"saloa-registrou-45mm-de-chuva-na-noite-deste-sabado-11","status":"publish","type":"post","link":"https:\/\/www.saloanoticias.com\/v1\/saloa-registrou-45mm-de-chuva-na-noite-deste-sabado-11\/","title":{"rendered":"Salo\u00e1 registrou 45mm de chuva na noite deste s\u00e1bado (11)"},"content":{"rendered":"\n<p>A cidade de Salo\u00e1, localizada no Agreste Meridional pernambucano, registrou\u00a0um grande volume de chuva na noite deste s\u00e1bado (11\/01\/25). De acordo com o t\u00e9cnicos do IPA e da Prefeitura, foram\u00a045 mil\u00edmetros em pouco mais de 30 minutos.<\/p>\n\n\n\n<p>At\u00e9 o presente momento, n\u00e3o houve registro de pessoas feridas ou danos patrimoniais. A equipe da Defesa Civil Municipal permanece monitorando a cidade e a zona rural na manh\u00e3 deste domingo (12).<\/p>\n\n\n\n<p>A Defesa Civil do Munic\u00edpio recomenda\u00a0aten\u00e7\u00e3o com raios, al\u00e9m disso, como o solo j\u00e1 se encontra encharcado devido aos acumulados nas \u00faltimas 24 horas, recomenda-se\u00a0aten\u00e7\u00e3o a \u00e1reas baixas da cidade, que s\u00e3o as mais vulner\u00e1veis.<\/p>\n<div style=\"margin-top: 0px; margin-bottom: 0px;\" class=\"sharethis-inline-share-buttons\" ><\/div>","protected":false},"excerpt":{"rendered":"<p>A cidade de Salo\u00e1, localizada no Agreste Meridional pernambucano, registrou\u00a0um grande volume de chuva na noite deste s\u00e1bado (11\/01\/25). De acordo com o t\u00e9cnicos do IPA e da Prefeitura, foram\u00a045 mil\u00edmetros em pouco mais de 30 minutos. At\u00e9 o presente momento, n\u00e3o houve registro de pessoas feridas ou danos patrimoniais. A equipe da Defesa Civil [&hellip;]<\/p>\n","protected":false},"author":1,"featured_media":27380,"comment_status":"closed","ping_status":"closed","sticky":false,"template":"","format":"standard","meta":{"footnotes":""},"categories":[21],"tags":[22],"class_list":["post-27378","post","type-post","status-publish","format-standard","has-post-thumbnail","hentry","category-cidade","tag-destaques"],"_links":{"self":[{"href":"https:\/\/www.saloanoticias.com\/v1\/wp-json\/wp\/v2\/posts\/27378","targetHints":{"allow":["GET"]}}],"collection":[{"href":"https:\/\/www.saloanoticias.com\/v1\/wp-json\/wp\/v2\/posts"}],"about":[{"href":"https:\/\/www.saloanoticias.com\/v1\/wp-json\/wp\/v2\/types\/post"}],"author":[{"embeddable":true,"href":"https:\/\/www.saloanoticias.com\/v1\/wp-json\/wp\/v2\/users\/1"}],"replies":[{"embeddable":true,"href":"https:\/\/www.saloanoticias.com\/v1\/wp-json\/wp\/v2\/comments?post=27378"}],"version-history":[{"count":2,"href":"https:\/\/www.saloanoticias.com\/v1\/wp-json\/wp\/v2\/posts\/27378\/revisions"}],"predecessor-version":[{"id":27383,"href":"https:\/\/www.saloanoticias.com\/v1\/wp-json\/wp\/v2\/posts\/27378\/revisions\/27383"}],"wp:featuredmedia":[{"embeddable":true,"href":"https:\/\/www.saloanoticias.com\/v1\/wp-json\/wp\/v2\/media\/27380"}],"wp:attachment":[{"href":"https:\/\/www.saloanoticias.com\/v1\/wp-json\/wp\/v2\/media?parent=27378"}],"wp:term":[{"taxonomy":"category","embeddable":true,"href":"https:\/\/www.saloanoticias.com\/v1\/wp-json\/wp\/v2\/categories?post=27378"},{"taxonomy":"post_tag","embeddable":true,"href":"https:\/\/www.saloanoticias.com\/v1\/wp-json\/wp\/v2\/tags?post=27378"}],"curies":[{"name":"wp","href":"https:\/\/api.w.org\/{rel}","templated":true}]}}