{"id":27343,"date":"2025-01-08T09:08:01","date_gmt":"2025-01-08T12:08:01","guid":{"rendered":"https:\/\/www.saloanoticias.com\/v1\/?p=27343"},"modified":"2025-01-08T09:10:47","modified_gmt":"2025-01-08T12:10:47","slug":"prefeitura-de-saloa-divulga-calendario-semestral-de-pagamento-dos-servidores","status":"publish","type":"post","link":"https:\/\/www.saloanoticias.com\/v1\/prefeitura-de-saloa-divulga-calendario-semestral-de-pagamento-dos-servidores\/","title":{"rendered":"Prefeitura de Salo\u00e1 divulga calend\u00e1rio semestral de pagamento dos servidores"},"content":{"rendered":"\n<p>A Prefeitura de Salo\u00e1 divulgou, esta semana, o calend\u00e1rio de pagamento dos servidores aposentados, pensionistas, ativos e comissionados para o 1\u00ba semestre de 2025. A partir dessa divulga\u00e7\u00e3o antecipada, o Poder Executivo favorece o planejamento financeiro anual do funcionalismo p\u00fablico municipal.<\/p>\n\n\n\n<p>A folha salarial de janeiro ser\u00e1 paga entre os dias 27 a 29. A lista com as demais datas pode ser conferida no fim deste texto. \u201cNesta primeira semana de 2025, divulgamos o calend\u00e1rio de pagamento dos servidores e servidoras saloaenses para que todos possam se programar ao longo do 1\u00ba semestre.<\/p>\n\n\n\n<p>Agrade\u00e7o a todos que fazem o Governo pelo empenho para que possamos entregar servi\u00e7os de qualidade \u00e0 popula\u00e7\u00e3o diariamente\u201d, afirmou o prefeito J\u00fanior de Rivaldo. \u201cApresentar o calend\u00e1rio antecipado de pagamento do funcionalismo p\u00fablico logo no in\u00edcio do ano \u00e9 mais uma prova do planejamento do Governo Municipal em rela\u00e7\u00e3o \u00e0s contas p\u00fablicas e do respeito da nossa gest\u00e3o com os servidores\u201d, refor\u00e7ou o gestor.<\/p>\n\n\n<div class=\"wp-block-image\">\n<figure class=\"aligncenter size-full\"><img loading=\"lazy\" decoding=\"async\" width=\"960\" height=\"953\" src=\"https:\/\/www.saloanoticias.com\/v1\/wp-content\/uploads\/2025\/01\/IMG_3797.jpeg\" alt=\"\" class=\"wp-image-27346\" srcset=\"https:\/\/www.saloanoticias.com\/v1\/wp-content\/uploads\/2025\/01\/IMG_3797.jpeg 960w, https:\/\/www.saloanoticias.com\/v1\/wp-content\/uploads\/2025\/01\/IMG_3797-300x298.jpeg 300w, https:\/\/www.saloanoticias.com\/v1\/wp-content\/uploads\/2025\/01\/IMG_3797-150x150.jpeg 150w, https:\/\/www.saloanoticias.com\/v1\/wp-content\/uploads\/2025\/01\/IMG_3797-768x762.jpeg 768w, https:\/\/www.saloanoticias.com\/v1\/wp-content\/uploads\/2025\/01\/IMG_3797-80x80.jpeg 80w\" sizes=\"auto, (max-width: 960px) 100vw, 960px\" \/><\/figure>\n<\/div><div style=\"margin-top: 0px; margin-bottom: 0px;\" class=\"sharethis-inline-share-buttons\" ><\/div>","protected":false},"excerpt":{"rendered":"<p>A Prefeitura de Salo\u00e1 divulgou, esta semana, o calend\u00e1rio de pagamento dos servidores aposentados, pensionistas, ativos e comissionados para o 1\u00ba semestre de 2025. A partir dessa divulga\u00e7\u00e3o antecipada, o Poder Executivo favorece o planejamento financeiro anual do funcionalismo p\u00fablico municipal. A folha salarial de janeiro ser\u00e1 paga entre os dias 27 a 29. A [&hellip;]<\/p>\n","protected":false},"author":1,"featured_media":26672,"comment_status":"closed","ping_status":"closed","sticky":false,"template":"","format":"standard","meta":{"footnotes":""},"categories":[21],"tags":[22],"class_list":["post-27343","post","type-post","status-publish","format-standard","has-post-thumbnail","hentry","category-cidade","tag-destaques"],"_links":{"self":[{"href":"https:\/\/www.saloanoticias.com\/v1\/wp-json\/wp\/v2\/posts\/27343","targetHints":{"allow":["GET"]}}],"collection":[{"href":"https:\/\/www.saloanoticias.com\/v1\/wp-json\/wp\/v2\/posts"}],"about":[{"href":"https:\/\/www.saloanoticias.com\/v1\/wp-json\/wp\/v2\/types\/post"}],"author":[{"embeddable":true,"href":"https:\/\/www.saloanoticias.com\/v1\/wp-json\/wp\/v2\/users\/1"}],"replies":[{"embeddable":true,"href":"https:\/\/www.saloanoticias.com\/v1\/wp-json\/wp\/v2\/comments?post=27343"}],"version-history":[{"count":2,"href":"https:\/\/www.saloanoticias.com\/v1\/wp-json\/wp\/v2\/posts\/27343\/revisions"}],"predecessor-version":[{"id":27347,"href":"https:\/\/www.saloanoticias.com\/v1\/wp-json\/wp\/v2\/posts\/27343\/revisions\/27347"}],"wp:featuredmedia":[{"embeddable":true,"href":"https:\/\/www.saloanoticias.com\/v1\/wp-json\/wp\/v2\/media\/26672"}],"wp:attachment":[{"href":"https:\/\/www.saloanoticias.com\/v1\/wp-json\/wp\/v2\/media?parent=27343"}],"wp:term":[{"taxonomy":"category","embeddable":true,"href":"https:\/\/www.saloanoticias.com\/v1\/wp-json\/wp\/v2\/categories?post=27343"},{"taxonomy":"post_tag","embeddable":true,"href":"https:\/\/www.saloanoticias.com\/v1\/wp-json\/wp\/v2\/tags?post=27343"}],"curies":[{"name":"wp","href":"https:\/\/api.w.org\/{rel}","templated":true}]}}