{"id":27308,"date":"2025-01-05T10:35:41","date_gmt":"2025-01-05T13:35:41","guid":{"rendered":"https:\/\/www.saloanoticias.com\/v1\/?p=27308"},"modified":"2025-01-05T10:50:43","modified_gmt":"2025-01-05T13:50:43","slug":"aniversariante-do-dia-dr-manoel-alves-de-souza","status":"publish","type":"post","link":"https:\/\/www.saloanoticias.com\/v1\/aniversariante-do-dia-dr-manoel-alves-de-souza\/","title":{"rendered":"Aniversariante do Dia: Dr. Manoel Alves de Souza"},"content":{"rendered":"\n<p>O dia de hoje \u00e9 muito especial para o ex-deputado estadual, Manoel Alves de Souza, mais conhecido em todo o Estado de Pernambuco como Manoel Ricardo. Ele foi o \u00fanico filho de Salo\u00e1 at\u00e9 o momento a ocupar uma cadeira na ALEPE (Assembleia Legislativa de Pernambuco).<\/p>\n\n\n\n<p>Dr. Manoel Alves \u00e9 pol\u00edtico desde crian\u00e7a e ainda muito jovem foi eleito vereador do Munic\u00edpio de Bom Conselho, representando o Distrito do Barro (Salo\u00e1), sendo o mais votado na sua primeira elei\u00e7\u00e3o, chegando inclusive a ser Presidente da C\u00e2mara dos Vereadores, ocasi\u00e3o em que j\u00e1 demonstrava grande desenvoltura pol\u00edtica.<\/p>\n\n\n\n<p>Depois que terminou seu mandato de vereador em por Salo\u00e1, ainda muito novo exerceu o cargo de deputado, e foi l\u00e1 onde passou a ter muita influ\u00eancia e contato com a c\u00fapula da pol\u00edtica estadual, adquirindo tamb\u00e9m muita experi\u00eancia e desde aquele tempo j\u00e1 trazia benef\u00edcios para o seu munic\u00edpio. <\/p>\n\n\n\n<p>Podemos dizer tamb\u00e9m que a hist\u00f3ria de Salo\u00e1, sua terra natal, se confunde com a de Manoel Alves, pois indubitavelmente foi o articulador da elei\u00e7\u00e3o de quase todos os prefeitos j\u00e1 eleitos no Munic\u00edpio, inclusive da elei\u00e7\u00e3o do seu sobrinho J\u00fanior de Rivaldo em 2020 e agora em 2024.<\/p>\n\n\n\n<p>Ele ainda ocupou o importante cargo de superintendente da SUDENE (Superintend\u00eancia para o Desenvolvimento do Nordeste) por v\u00e1rios anos, onde contribuiu para a expans\u00e3o do \u00f3rg\u00e3o e tamb\u00e9m dos munic\u00edpios do Nordeste.<\/p>\n\n\n\n<p>Foi aliado fiel do ex-governador Miguel Arraes de Alencar e de outros grandes nomes da pol\u00edtica nacional. Desejamos muitas felicidades, paz e sa\u00fade a esse baloarte da nossa cidade e que esta data se repita por muitos e muitos anos.<\/p>\n<div style=\"margin-top: 0px; margin-bottom: 0px;\" class=\"sharethis-inline-share-buttons\" ><\/div>","protected":false},"excerpt":{"rendered":"<p>O dia de hoje \u00e9 muito especial para o ex-deputado estadual, Manoel Alves de Souza, mais conhecido em todo o Estado de Pernambuco como Manoel Ricardo. Ele foi o \u00fanico filho de Salo\u00e1 at\u00e9 o momento a ocupar uma cadeira na ALEPE (Assembleia Legislativa de Pernambuco). Dr. Manoel Alves \u00e9 pol\u00edtico desde crian\u00e7a e ainda [&hellip;]<\/p>\n","protected":false},"author":1,"featured_media":27326,"comment_status":"closed","ping_status":"closed","sticky":false,"template":"","format":"standard","meta":{"footnotes":""},"categories":[21],"tags":[22],"class_list":["post-27308","post","type-post","status-publish","format-standard","has-post-thumbnail","hentry","category-cidade","tag-destaques"],"_links":{"self":[{"href":"https:\/\/www.saloanoticias.com\/v1\/wp-json\/wp\/v2\/posts\/27308","targetHints":{"allow":["GET"]}}],"collection":[{"href":"https:\/\/www.saloanoticias.com\/v1\/wp-json\/wp\/v2\/posts"}],"about":[{"href":"https:\/\/www.saloanoticias.com\/v1\/wp-json\/wp\/v2\/types\/post"}],"author":[{"embeddable":true,"href":"https:\/\/www.saloanoticias.com\/v1\/wp-json\/wp\/v2\/users\/1"}],"replies":[{"embeddable":true,"href":"https:\/\/www.saloanoticias.com\/v1\/wp-json\/wp\/v2\/comments?post=27308"}],"version-history":[{"count":4,"href":"https:\/\/www.saloanoticias.com\/v1\/wp-json\/wp\/v2\/posts\/27308\/revisions"}],"predecessor-version":[{"id":27333,"href":"https:\/\/www.saloanoticias.com\/v1\/wp-json\/wp\/v2\/posts\/27308\/revisions\/27333"}],"wp:featuredmedia":[{"embeddable":true,"href":"https:\/\/www.saloanoticias.com\/v1\/wp-json\/wp\/v2\/media\/27326"}],"wp:attachment":[{"href":"https:\/\/www.saloanoticias.com\/v1\/wp-json\/wp\/v2\/media?parent=27308"}],"wp:term":[{"taxonomy":"category","embeddable":true,"href":"https:\/\/www.saloanoticias.com\/v1\/wp-json\/wp\/v2\/categories?post=27308"},{"taxonomy":"post_tag","embeddable":true,"href":"https:\/\/www.saloanoticias.com\/v1\/wp-json\/wp\/v2\/tags?post=27308"}],"curies":[{"name":"wp","href":"https:\/\/api.w.org\/{rel}","templated":true}]}}