{"id":27290,"date":"2025-01-01T15:07:31","date_gmt":"2025-01-01T18:07:31","guid":{"rendered":"https:\/\/www.saloanoticias.com\/v1\/?p=27290"},"modified":"2025-01-01T15:14:51","modified_gmt":"2025-01-01T18:14:51","slug":"prefeito-de-saloa-e-vereadores-tomar-posse-nesta-quarta-feira-01-01-25","status":"publish","type":"post","link":"https:\/\/www.saloanoticias.com\/v1\/prefeito-de-saloa-e-vereadores-tomar-posse-nesta-quarta-feira-01-01-25\/","title":{"rendered":"Prefeito de Salo\u00e1 e vereadores tomam posse nesta quarta-feira (01\/01\/25)"},"content":{"rendered":"\n<p>Rivaldo Alves de Souza J\u00fanior (J\u00fanior de Rivaldo PSDB) toma posse nesta quarta-feira (1\u00ba) como prefeito de Salo\u00e1\/PE. Ele tem 44 anos, \u00e9 solteiro e declara ao Tribunal Superior Eleitoral (TSE) que tem ensino l\u00ea, escreve e ocupa\u00e7\u00e3o de agricultor. <\/p>\n\n\n\n<p>J\u00e1 o vice, Cosme Melo (PSD), tem 58 anos, \u00e9 casado e declara ao TSE que tem ensino ensino m\u00e9dio completo e ocupa\u00e7\u00e3o de empres\u00e1rio. A solenidade de posse est\u00e1 agendada para ter in\u00edcio \u00e0s 18h no p\u00e1tio da Escola Municipal S\u00e3o Vicente que fica na Avenida Get\u00falio Vargas no centro da cidade.<\/p>\n\n\n\n<p><strong>O que fazem os prefeitos ?<\/strong> Cabe ao prefeito decidir em que aplicar os recursos repassados ao munic\u00edpio pelo Estado ou pelo governo federal, e administrar o que \u00e9 arrecadado de impostos, como IPTU e ISS. Ele tamb\u00e9m \u00e9 respons\u00e1vel pelas pol\u00edticas de \u00e1reas como educa\u00e7\u00e3o, sa\u00fade, moradia, transporte p\u00fablico e saneamento b\u00e1sico. Para isso, conta com secret\u00e1rios que s\u00e3o nomeados. O prefeito tamb\u00e9m precisa trabalhar junto com os vereadores, que representam os cidad\u00e3os no Legislativo municipal.<\/p>\n\n\n\n<p>Salo\u00e1 elegeu 9 vereadores nas elei\u00e7\u00f5es 2024. Vejam quem s\u00e3o eles:<\/p>\n\n\n\n<ul class=\"wp-block-list\">\n<li>Ana Alves (PSDB) tem 53 anos, \u00e9 casada, declara ao TSE a ocupa\u00e7\u00e3o de vereadora e informa ter superior completo.<\/li>\n\n\n\n<li>Douglas Fran\u00e7a (PSD) tem 26 anos, \u00e9 solteiro, declara ao TSE a ocupa\u00e7\u00e3o de agricultor e informa ter ensino m\u00e9dio completo.<\/li>\n\n\n\n<li>Jamel\u00e3o (MDB) tem 57 anos, \u00e9 casado, declara ao TSE a ocupa\u00e7\u00e3o de vereador e informa ter ensino fundamental incompleto.<\/li>\n\n\n\n<li>Jean Fran\u00e7a (PSB) tem 32 anos, \u00e9 casado, declara ao TSE a ocupa\u00e7\u00e3o de agricultor, um patrim\u00f4nio e informa ter ensino m\u00e9dio completo.<\/li>\n\n\n\n<li>Lib\u00e2nia Miranda (MDB) tem 40 anos, \u00e9 casada, declara ao TSE a ocupa\u00e7\u00e3o de agricultora e informa ter ensino m\u00e9dio completo.<\/li>\n\n\n\n<li>Lubiano (PT) tem 35 anos, \u00e9 casado, declara ao TSE a ocupa\u00e7\u00e3o de &#8220;outros&#8221; e informa ter ensino m\u00e9dio completo.<\/li>\n\n\n\n<li>Manoel de Artur (PSDB) tem 59 anos, \u00e9 casado, declara ao TSE a ocupa\u00e7\u00e3o de &#8220;outros&#8221; e informa ter ensino fundamental completo.<\/li>\n\n\n\n<li>Tisleyzinho (PSD) tem 30 anos, \u00e9 solteiro, declara ao TSE a ocupa\u00e7\u00e3o de comerciante e informa ter ensino m\u00e9dio completo.<\/li>\n\n\n\n<li>Z\u00e9 Cabeleireiro (REPUBLICANOS) tem 48 anos, \u00e9 casado, declara ao TSE a ocupa\u00e7\u00e3o de agricultor e informa ter ensino fundamental incompleto.<\/li>\n<\/ul>\n<div style=\"margin-top: 0px; margin-bottom: 0px;\" class=\"sharethis-inline-share-buttons\" ><\/div>","protected":false},"excerpt":{"rendered":"<p>Rivaldo Alves de Souza J\u00fanior (J\u00fanior de Rivaldo PSDB) toma posse nesta quarta-feira (1\u00ba) como prefeito de Salo\u00e1\/PE. Ele tem 44 anos, \u00e9 solteiro e declara ao Tribunal Superior Eleitoral (TSE) que tem ensino l\u00ea, escreve e ocupa\u00e7\u00e3o de agricultor. J\u00e1 o vice, Cosme Melo (PSD), tem 58 anos, \u00e9 casado e declara ao TSE [&hellip;]<\/p>\n","protected":false},"author":1,"featured_media":27295,"comment_status":"closed","ping_status":"closed","sticky":false,"template":"","format":"standard","meta":{"footnotes":""},"categories":[21],"tags":[22],"class_list":["post-27290","post","type-post","status-publish","format-standard","has-post-thumbnail","hentry","category-cidade","tag-destaques"],"_links":{"self":[{"href":"https:\/\/www.saloanoticias.com\/v1\/wp-json\/wp\/v2\/posts\/27290","targetHints":{"allow":["GET"]}}],"collection":[{"href":"https:\/\/www.saloanoticias.com\/v1\/wp-json\/wp\/v2\/posts"}],"about":[{"href":"https:\/\/www.saloanoticias.com\/v1\/wp-json\/wp\/v2\/types\/post"}],"author":[{"embeddable":true,"href":"https:\/\/www.saloanoticias.com\/v1\/wp-json\/wp\/v2\/users\/1"}],"replies":[{"embeddable":true,"href":"https:\/\/www.saloanoticias.com\/v1\/wp-json\/wp\/v2\/comments?post=27290"}],"version-history":[{"count":3,"href":"https:\/\/www.saloanoticias.com\/v1\/wp-json\/wp\/v2\/posts\/27290\/revisions"}],"predecessor-version":[{"id":27296,"href":"https:\/\/www.saloanoticias.com\/v1\/wp-json\/wp\/v2\/posts\/27290\/revisions\/27296"}],"wp:featuredmedia":[{"embeddable":true,"href":"https:\/\/www.saloanoticias.com\/v1\/wp-json\/wp\/v2\/media\/27295"}],"wp:attachment":[{"href":"https:\/\/www.saloanoticias.com\/v1\/wp-json\/wp\/v2\/media?parent=27290"}],"wp:term":[{"taxonomy":"category","embeddable":true,"href":"https:\/\/www.saloanoticias.com\/v1\/wp-json\/wp\/v2\/categories?post=27290"},{"taxonomy":"post_tag","embeddable":true,"href":"https:\/\/www.saloanoticias.com\/v1\/wp-json\/wp\/v2\/tags?post=27290"}],"curies":[{"name":"wp","href":"https:\/\/api.w.org\/{rel}","templated":true}]}}