{"id":27054,"date":"2024-12-06T14:37:30","date_gmt":"2024-12-06T17:37:30","guid":{"rendered":"https:\/\/www.saloanoticias.com\/v1\/?p=27054"},"modified":"2024-12-06T22:43:12","modified_gmt":"2024-12-07T01:43:12","slug":"27054-2","status":"publish","type":"post","link":"https:\/\/www.saloanoticias.com\/v1\/27054-2\/","title":{"rendered":"Salo\u00e1 est\u00e1 entre os dez melhores munic\u00edpios em educa\u00e7\u00e3o no Estado e em 1\u00ba lugar no Agreste Meridional"},"content":{"rendered":"\n<p>O munic\u00edpio de Salo\u00e1 \u00e9 destaque regional e ocupa o 9\u00ba lugar entre as notas mais altas em educa\u00e7\u00e3o de todo o Estado de Pernambuco ao atingir a nota 7,12 para as turmas dos anos iniciais \u2013 1\u00ba ao 5\u00ba ano, e primeiro lugar no Agreste Meridional.<\/p>\n\n\n\n<p>Para atingir essa nota \u00e9 necess\u00e1rio que os estudantes permane\u00e7am na escola aprendendo, assim garante-se uma boa taxa de aprova\u00e7\u00e3o e uma boa nota de profici\u00eancia. No Ranking estadual do IDEB dos anos iniciais, entre os munic\u00edpios, Salo\u00e1 ocupa o 7\u00ba lugar.<\/p>\n\n\n<div class=\"wp-block-image\">\n<figure class=\"aligncenter size-large\"><img loading=\"lazy\" decoding=\"async\" width=\"1024\" height=\"473\" src=\"https:\/\/www.saloanoticias.com\/v1\/wp-content\/uploads\/2024\/12\/IMG_3165-1024x473.jpeg\" alt=\"\" class=\"wp-image-27056\" srcset=\"https:\/\/www.saloanoticias.com\/v1\/wp-content\/uploads\/2024\/12\/IMG_3165-1024x473.jpeg 1024w, https:\/\/www.saloanoticias.com\/v1\/wp-content\/uploads\/2024\/12\/IMG_3165-300x139.jpeg 300w, https:\/\/www.saloanoticias.com\/v1\/wp-content\/uploads\/2024\/12\/IMG_3165-768x355.jpeg 768w, https:\/\/www.saloanoticias.com\/v1\/wp-content\/uploads\/2024\/12\/IMG_3165-1536x710.jpeg 1536w, https:\/\/www.saloanoticias.com\/v1\/wp-content\/uploads\/2024\/12\/IMG_3165-2048x946.jpeg 2048w\" sizes=\"auto, (max-width: 1024px) 100vw, 1024px\" \/><\/figure>\n<\/div>\n\n\n<p> J\u00e1 dentre as Escolas de todo o estado, a escola Vicente Alves de Barros ocupa o 9\u00ba lugar no estado. Dessa forma, Salo\u00e1 se destaca a n\u00edvel estadual nos dois \u00edndices: IDEPE e IDEB, quebrando os limites regionais, ficando em primeiro lugar no agreste meridional.<\/p>\n\n\n\n<p>Ainda esta semana, o Munic\u00edpio conquistou o &#8220;Pr\u00eamio de Boas Pr\u00e1ticas Educacionais&#8221; concedido pela Editora Moderna, durante o semin\u00e1rio realizado na escola S\u00e3o Vicente, premia\u00e7\u00e3o que foi recebida pelo vice-prefeito Ronaldinho.<\/p>\n<div style=\"margin-top: 0px; margin-bottom: 0px;\" class=\"sharethis-inline-share-buttons\" ><\/div>","protected":false},"excerpt":{"rendered":"<p>O munic\u00edpio de Salo\u00e1 \u00e9 destaque regional e ocupa o 9\u00ba lugar entre as notas mais altas em educa\u00e7\u00e3o de todo o Estado de Pernambuco ao atingir a nota 7,12 para as turmas dos anos iniciais \u2013 1\u00ba ao 5\u00ba ano, e primeiro lugar no Agreste Meridional. Para atingir essa nota \u00e9 necess\u00e1rio que os [&hellip;]<\/p>\n","protected":false},"author":1,"featured_media":27055,"comment_status":"closed","ping_status":"closed","sticky":false,"template":"","format":"standard","meta":{"footnotes":""},"categories":[17],"tags":[22],"class_list":["post-27054","post","type-post","status-publish","format-standard","has-post-thumbnail","hentry","category-educacao","tag-destaques"],"_links":{"self":[{"href":"https:\/\/www.saloanoticias.com\/v1\/wp-json\/wp\/v2\/posts\/27054","targetHints":{"allow":["GET"]}}],"collection":[{"href":"https:\/\/www.saloanoticias.com\/v1\/wp-json\/wp\/v2\/posts"}],"about":[{"href":"https:\/\/www.saloanoticias.com\/v1\/wp-json\/wp\/v2\/types\/post"}],"author":[{"embeddable":true,"href":"https:\/\/www.saloanoticias.com\/v1\/wp-json\/wp\/v2\/users\/1"}],"replies":[{"embeddable":true,"href":"https:\/\/www.saloanoticias.com\/v1\/wp-json\/wp\/v2\/comments?post=27054"}],"version-history":[{"count":6,"href":"https:\/\/www.saloanoticias.com\/v1\/wp-json\/wp\/v2\/posts\/27054\/revisions"}],"predecessor-version":[{"id":27068,"href":"https:\/\/www.saloanoticias.com\/v1\/wp-json\/wp\/v2\/posts\/27054\/revisions\/27068"}],"wp:featuredmedia":[{"embeddable":true,"href":"https:\/\/www.saloanoticias.com\/v1\/wp-json\/wp\/v2\/media\/27055"}],"wp:attachment":[{"href":"https:\/\/www.saloanoticias.com\/v1\/wp-json\/wp\/v2\/media?parent=27054"}],"wp:term":[{"taxonomy":"category","embeddable":true,"href":"https:\/\/www.saloanoticias.com\/v1\/wp-json\/wp\/v2\/categories?post=27054"},{"taxonomy":"post_tag","embeddable":true,"href":"https:\/\/www.saloanoticias.com\/v1\/wp-json\/wp\/v2\/tags?post=27054"}],"curies":[{"name":"wp","href":"https:\/\/api.w.org\/{rel}","templated":true}]}}