{"id":26956,"date":"2024-11-26T11:40:39","date_gmt":"2024-11-26T14:40:39","guid":{"rendered":"https:\/\/www.saloanoticias.com\/v1\/?p=26956"},"modified":"2024-11-26T12:27:53","modified_gmt":"2024-11-26T15:27:53","slug":"escola-sao-vicente-promove-atividades-alusivas-ao-dia-da-consciencia-negra","status":"publish","type":"post","link":"https:\/\/www.saloanoticias.com\/v1\/escola-sao-vicente-promove-atividades-alusivas-ao-dia-da-consciencia-negra\/","title":{"rendered":"Escola S\u00e3o Vicente promove atividades alusivas ao Dia da Consci\u00eancia Negra"},"content":{"rendered":"\n<p>Valorizando nossas ra\u00edzes e promovendo o respeito \u00e0 diversidade, a Escola S\u00e3o Vicente junto com a Orquestra e o Grupo de Percuss\u00e3o do Servi\u00e7o de Conviv\u00eancia e Fortalecimento de V\u00ednculos (SCFV) realizaram uma emocionante apresenta\u00e7\u00e3o cultural em homenagem ao Dia da Consci\u00eancia Negra.<\/p>\n\n\n<div class=\"wp-block-image\">\n<figure class=\"aligncenter size-large\"><img loading=\"lazy\" decoding=\"async\" width=\"1024\" height=\"678\" src=\"https:\/\/www.saloanoticias.com\/v1\/wp-content\/uploads\/2024\/11\/IMG_3050-1024x678.jpeg\" alt=\"\" class=\"wp-image-26959\" srcset=\"https:\/\/www.saloanoticias.com\/v1\/wp-content\/uploads\/2024\/11\/IMG_3050-1024x678.jpeg 1024w, https:\/\/www.saloanoticias.com\/v1\/wp-content\/uploads\/2024\/11\/IMG_3050-300x199.jpeg 300w, https:\/\/www.saloanoticias.com\/v1\/wp-content\/uploads\/2024\/11\/IMG_3050-768x509.jpeg 768w, https:\/\/www.saloanoticias.com\/v1\/wp-content\/uploads\/2024\/11\/IMG_3050-1536x1017.jpeg 1536w, https:\/\/www.saloanoticias.com\/v1\/wp-content\/uploads\/2024\/11\/IMG_3050-2048x1356.jpeg 2048w\" sizes=\"auto, (max-width: 1024px) 100vw, 1024px\" \/><\/figure>\n<\/div>\n\n\n<p>Com dan\u00e7as, m\u00fasica e reflex\u00f5es, os alunos destacaram a import\u00e2ncia de celebrar a hist\u00f3ria e a contribui\u00e7\u00e3o do povo negro na constru\u00e7\u00e3o de nossa sociedade. Um momento especial que refor\u00e7a o compromisso da educa\u00e7\u00e3o com a igualdade e o respeito.<\/p>\n\n\n<div class=\"wp-block-image\">\n<figure class=\"aligncenter size-large\"><img loading=\"lazy\" decoding=\"async\" width=\"1024\" height=\"678\" src=\"https:\/\/www.saloanoticias.com\/v1\/wp-content\/uploads\/2024\/11\/IMG_3045-1024x678.jpeg\" alt=\"\" class=\"wp-image-26957\" srcset=\"https:\/\/www.saloanoticias.com\/v1\/wp-content\/uploads\/2024\/11\/IMG_3045-1024x678.jpeg 1024w, https:\/\/www.saloanoticias.com\/v1\/wp-content\/uploads\/2024\/11\/IMG_3045-300x199.jpeg 300w, https:\/\/www.saloanoticias.com\/v1\/wp-content\/uploads\/2024\/11\/IMG_3045-768x509.jpeg 768w, https:\/\/www.saloanoticias.com\/v1\/wp-content\/uploads\/2024\/11\/IMG_3045-1536x1017.jpeg 1536w, https:\/\/www.saloanoticias.com\/v1\/wp-content\/uploads\/2024\/11\/IMG_3045-2048x1356.jpeg 2048w\" sizes=\"auto, (max-width: 1024px) 100vw, 1024px\" \/><\/figure>\n<\/div>\n\n\n<p>Centenas de crian\u00e7as participaram do encontro que aconteceu no audit\u00f3rio da escola S\u00e3o Vicente tornando o momento ainda mais importante. Al\u00e9m das apresenta\u00e7\u00f5es aconteceu uma importante palestra para explicar aos alunos como a cultura africana chegou no Brasil e a import\u00e2ncia dela na atualidade. <em>Fotos: Pedro Fran\u00e7a<\/em><\/p>\n\n\n<div class=\"wp-block-image\">\n<figure class=\"aligncenter size-large\"><img loading=\"lazy\" decoding=\"async\" width=\"1024\" height=\"678\" src=\"https:\/\/www.saloanoticias.com\/v1\/wp-content\/uploads\/2024\/11\/IMG_3049-1024x678.jpeg\" alt=\"\" class=\"wp-image-26960\" srcset=\"https:\/\/www.saloanoticias.com\/v1\/wp-content\/uploads\/2024\/11\/IMG_3049-1024x678.jpeg 1024w, https:\/\/www.saloanoticias.com\/v1\/wp-content\/uploads\/2024\/11\/IMG_3049-300x199.jpeg 300w, https:\/\/www.saloanoticias.com\/v1\/wp-content\/uploads\/2024\/11\/IMG_3049-768x509.jpeg 768w, https:\/\/www.saloanoticias.com\/v1\/wp-content\/uploads\/2024\/11\/IMG_3049-1536x1017.jpeg 1536w, https:\/\/www.saloanoticias.com\/v1\/wp-content\/uploads\/2024\/11\/IMG_3049-2048x1356.jpeg 2048w\" sizes=\"auto, (max-width: 1024px) 100vw, 1024px\" \/><\/figure>\n<\/div>\n\n\n<figure class=\"wp-block-image size-large\"><img loading=\"lazy\" decoding=\"async\" width=\"1024\" height=\"678\" src=\"https:\/\/www.saloanoticias.com\/v1\/wp-content\/uploads\/2024\/11\/IMG_3047-1024x678.jpeg\" alt=\"\" class=\"wp-image-26958\" srcset=\"https:\/\/www.saloanoticias.com\/v1\/wp-content\/uploads\/2024\/11\/IMG_3047-1024x678.jpeg 1024w, https:\/\/www.saloanoticias.com\/v1\/wp-content\/uploads\/2024\/11\/IMG_3047-300x199.jpeg 300w, https:\/\/www.saloanoticias.com\/v1\/wp-content\/uploads\/2024\/11\/IMG_3047-768x509.jpeg 768w, https:\/\/www.saloanoticias.com\/v1\/wp-content\/uploads\/2024\/11\/IMG_3047-1536x1017.jpeg 1536w, https:\/\/www.saloanoticias.com\/v1\/wp-content\/uploads\/2024\/11\/IMG_3047-2048x1356.jpeg 2048w\" sizes=\"auto, (max-width: 1024px) 100vw, 1024px\" \/><\/figure>\n\n\n<div class=\"wp-block-image\">\n<figure class=\"aligncenter size-large\"><img loading=\"lazy\" decoding=\"async\" width=\"1024\" height=\"678\" src=\"https:\/\/www.saloanoticias.com\/v1\/wp-content\/uploads\/2024\/11\/IMG_3046-1024x678.jpeg\" alt=\"\" class=\"wp-image-26962\" srcset=\"https:\/\/www.saloanoticias.com\/v1\/wp-content\/uploads\/2024\/11\/IMG_3046-1024x678.jpeg 1024w, https:\/\/www.saloanoticias.com\/v1\/wp-content\/uploads\/2024\/11\/IMG_3046-300x199.jpeg 300w, https:\/\/www.saloanoticias.com\/v1\/wp-content\/uploads\/2024\/11\/IMG_3046-768x509.jpeg 768w, https:\/\/www.saloanoticias.com\/v1\/wp-content\/uploads\/2024\/11\/IMG_3046-1536x1017.jpeg 1536w, https:\/\/www.saloanoticias.com\/v1\/wp-content\/uploads\/2024\/11\/IMG_3046-2048x1356.jpeg 2048w\" sizes=\"auto, (max-width: 1024px) 100vw, 1024px\" \/><\/figure>\n<\/div><div style=\"margin-top: 0px; margin-bottom: 0px;\" class=\"sharethis-inline-share-buttons\" ><\/div>","protected":false},"excerpt":{"rendered":"<p>Valorizando nossas ra\u00edzes e promovendo o respeito \u00e0 diversidade, a Escola S\u00e3o Vicente junto com a Orquestra e o Grupo de Percuss\u00e3o do Servi\u00e7o de Conviv\u00eancia e Fortalecimento de V\u00ednculos (SCFV) realizaram uma emocionante apresenta\u00e7\u00e3o cultural em homenagem ao Dia da Consci\u00eancia Negra. Com dan\u00e7as, m\u00fasica e reflex\u00f5es, os alunos destacaram a import\u00e2ncia de celebrar [&hellip;]<\/p>\n","protected":false},"author":1,"featured_media":26963,"comment_status":"closed","ping_status":"closed","sticky":false,"template":"","format":"standard","meta":{"footnotes":""},"categories":[17],"tags":[22],"class_list":["post-26956","post","type-post","status-publish","format-standard","has-post-thumbnail","hentry","category-educacao","tag-destaques"],"_links":{"self":[{"href":"https:\/\/www.saloanoticias.com\/v1\/wp-json\/wp\/v2\/posts\/26956","targetHints":{"allow":["GET"]}}],"collection":[{"href":"https:\/\/www.saloanoticias.com\/v1\/wp-json\/wp\/v2\/posts"}],"about":[{"href":"https:\/\/www.saloanoticias.com\/v1\/wp-json\/wp\/v2\/types\/post"}],"author":[{"embeddable":true,"href":"https:\/\/www.saloanoticias.com\/v1\/wp-json\/wp\/v2\/users\/1"}],"replies":[{"embeddable":true,"href":"https:\/\/www.saloanoticias.com\/v1\/wp-json\/wp\/v2\/comments?post=26956"}],"version-history":[{"count":5,"href":"https:\/\/www.saloanoticias.com\/v1\/wp-json\/wp\/v2\/posts\/26956\/revisions"}],"predecessor-version":[{"id":26973,"href":"https:\/\/www.saloanoticias.com\/v1\/wp-json\/wp\/v2\/posts\/26956\/revisions\/26973"}],"wp:featuredmedia":[{"embeddable":true,"href":"https:\/\/www.saloanoticias.com\/v1\/wp-json\/wp\/v2\/media\/26963"}],"wp:attachment":[{"href":"https:\/\/www.saloanoticias.com\/v1\/wp-json\/wp\/v2\/media?parent=26956"}],"wp:term":[{"taxonomy":"category","embeddable":true,"href":"https:\/\/www.saloanoticias.com\/v1\/wp-json\/wp\/v2\/categories?post=26956"},{"taxonomy":"post_tag","embeddable":true,"href":"https:\/\/www.saloanoticias.com\/v1\/wp-json\/wp\/v2\/tags?post=26956"}],"curies":[{"name":"wp","href":"https:\/\/api.w.org\/{rel}","templated":true}]}}