{"id":26787,"date":"2024-11-10T13:37:22","date_gmt":"2024-11-10T16:37:22","guid":{"rendered":"https:\/\/www.saloanoticias.com\/v1\/?p=26787"},"modified":"2024-11-10T16:56:50","modified_gmt":"2024-11-10T19:56:50","slug":"assembleia-de-deus-em-saloa-realizou-nos-dias-2-e-3-de-novembro-o-11o-encontro-de-mulheres","status":"publish","type":"post","link":"https:\/\/www.saloanoticias.com\/v1\/assembleia-de-deus-em-saloa-realizou-nos-dias-2-e-3-de-novembro-o-11o-encontro-de-mulheres\/","title":{"rendered":"Assembleia de Deus em Salo\u00e1 realizou nos dias 2 e 3 de novembro o 11\u00ba Encontro de Mulheres"},"content":{"rendered":"\n<p>A IEADPE na cidade de Salo\u00e1\/PE, realizou nos dias 2 e 3 de novembro do corrente m\u00eas o seu 11\u00ba Encontro de Mulheres com o tema:&nbsp;<strong>\u201cA mulher crist\u00e3 e suas responsabilidades como filha amada por Deus\u201d<\/strong> \u2013 I Jo\u00e3o \u2013 3.1.<\/p>\n\n\n<div class=\"wp-block-image\">\n<figure class=\"aligncenter size-full is-resized\"><img loading=\"lazy\" decoding=\"async\" width=\"960\" height=\"710\" src=\"https:\/\/www.saloanoticias.com\/v1\/wp-content\/uploads\/2024\/11\/IMG_2800.jpeg\" alt=\"\" class=\"wp-image-26790\" style=\"width:876px;height:auto\" srcset=\"https:\/\/www.saloanoticias.com\/v1\/wp-content\/uploads\/2024\/11\/IMG_2800.jpeg 960w, https:\/\/www.saloanoticias.com\/v1\/wp-content\/uploads\/2024\/11\/IMG_2800-300x222.jpeg 300w, https:\/\/www.saloanoticias.com\/v1\/wp-content\/uploads\/2024\/11\/IMG_2800-768x568.jpeg 768w\" sizes=\"auto, (max-width: 960px) 100vw, 960px\" \/><\/figure>\n<\/div>\n\n\n<p>Foram dias de muito louvor e adora\u00e7\u00e3o a Deus. O pastor local Mozeis Lima agradeceu a presen\u00e7a de todos que participaram deste grande evento, o qual reuniu mais de 2.000 pessoas nos dois dias de festa.<\/p>\n\n\n<div class=\"wp-block-image\">\n<figure class=\"aligncenter size-full\"><img loading=\"lazy\" decoding=\"async\" width=\"960\" height=\"691\" src=\"https:\/\/www.saloanoticias.com\/v1\/wp-content\/uploads\/2024\/11\/IMG_2801.jpeg\" alt=\"\" class=\"wp-image-26792\" srcset=\"https:\/\/www.saloanoticias.com\/v1\/wp-content\/uploads\/2024\/11\/IMG_2801.jpeg 960w, https:\/\/www.saloanoticias.com\/v1\/wp-content\/uploads\/2024\/11\/IMG_2801-300x216.jpeg 300w, https:\/\/www.saloanoticias.com\/v1\/wp-content\/uploads\/2024\/11\/IMG_2801-768x553.jpeg 768w\" sizes=\"auto, (max-width: 960px) 100vw, 960px\" \/><\/figure>\n<\/div>\n\n\n<p>As comemora\u00e7\u00f5es come\u00e7aram no s\u00e1bado (02) com um culto aben\u00e7oado por Deus com a presen\u00e7a de centenas de mulheres do campo de atua\u00e7\u00e3o da igreja no Munic\u00edpio e se estenderam at\u00e9 o domingo (03) com o culto de encerramento.<\/p>\n\n\n<div class=\"wp-block-image\">\n<figure class=\"aligncenter size-full\"><img loading=\"lazy\" decoding=\"async\" width=\"960\" height=\"688\" src=\"https:\/\/www.saloanoticias.com\/v1\/wp-content\/uploads\/2024\/11\/IMG_2802.jpeg\" alt=\"\" class=\"wp-image-26793\" srcset=\"https:\/\/www.saloanoticias.com\/v1\/wp-content\/uploads\/2024\/11\/IMG_2802.jpeg 960w, https:\/\/www.saloanoticias.com\/v1\/wp-content\/uploads\/2024\/11\/IMG_2802-300x215.jpeg 300w, https:\/\/www.saloanoticias.com\/v1\/wp-content\/uploads\/2024\/11\/IMG_2802-768x550.jpeg 768w\" sizes=\"auto, (max-width: 960px) 100vw, 960px\" \/><\/figure>\n<\/div>\n\n\n<p>Foram momentos de muita alegria e comunh\u00e3o com Deus, refletidos em uma poderosa un\u00e7\u00e3o que resultou na convers\u00e3o de almas, batismo no Esp\u00edrito Santo e curas.<\/p>\n\n\n<div class=\"wp-block-image\">\n<figure class=\"aligncenter size-large\"><img loading=\"lazy\" decoding=\"async\" width=\"1024\" height=\"576\" src=\"https:\/\/www.saloanoticias.com\/v1\/wp-content\/uploads\/2024\/11\/IMG_2666-1024x576.jpeg\" alt=\"\" class=\"wp-image-26794\" srcset=\"https:\/\/www.saloanoticias.com\/v1\/wp-content\/uploads\/2024\/11\/IMG_2666-1024x576.jpeg 1024w, https:\/\/www.saloanoticias.com\/v1\/wp-content\/uploads\/2024\/11\/IMG_2666-300x169.jpeg 300w, https:\/\/www.saloanoticias.com\/v1\/wp-content\/uploads\/2024\/11\/IMG_2666-768x432.jpeg 768w, https:\/\/www.saloanoticias.com\/v1\/wp-content\/uploads\/2024\/11\/IMG_2666-1536x864.jpeg 1536w, https:\/\/www.saloanoticias.com\/v1\/wp-content\/uploads\/2024\/11\/IMG_2666-2048x1152.jpeg 2048w\" sizes=\"auto, (max-width: 1024px) 100vw, 1024px\" \/><\/figure>\n<\/div>\n\n\n<p>No s\u00e1bado o preletor foi o pastor Dionisio Lira e o louvor ficou com a cantora Wayne Aline que \u00e9 natural de Salo\u00e1, mas vive atualmente exercendo seu minist\u00e9rio na capital do Estado, sendo uma das principais vozes da IEADPE na atualidade.<\/p>\n\n\n\n<p>O ponto alto deste grande encontro foi o culto de encerramento no domingo \u00e0 noite com a presen\u00e7a do renomado pastor Enoque Barros e da cantora Rog\u00e9ria Cardoso, enviados especialmente pela dire\u00e7\u00e3o da igreja para abrilhantar ainda mais a festa que teve Jesus Cristo como alvo principal.<\/p>\n\n\n\n<p>A IEADPE em Salo\u00e1 tem a presid\u00eancia do pastor Ailton Jos\u00e9 Alves, a dire\u00e7\u00e3o local do pastor Moz\u00e9s Lima e conta com o apoio da irm\u00e3 Neide como coordenadora geral das comiss\u00f5es de senhoras e das irm\u00e3s Gedalva Ana e Telma Rodrigues na dire\u00e7\u00e3o do c\u00edrculo de ora\u00e7\u00e3o da matriz.<\/p>\n<div style=\"margin-top: 0px; margin-bottom: 0px;\" class=\"sharethis-inline-share-buttons\" ><\/div>","protected":false},"excerpt":{"rendered":"<p>A IEADPE na cidade de Salo\u00e1\/PE, realizou nos dias 2 e 3 de novembro do corrente m\u00eas o seu 11\u00ba Encontro de Mulheres com o tema:&nbsp;\u201cA mulher crist\u00e3 e suas responsabilidades como filha amada por Deus\u201d \u2013 I Jo\u00e3o \u2013 3.1. Foram dias de muito louvor e adora\u00e7\u00e3o a Deus. O pastor local Mozeis Lima [&hellip;]<\/p>\n","protected":false},"author":1,"featured_media":26789,"comment_status":"closed","ping_status":"closed","sticky":false,"template":"","format":"standard","meta":{"footnotes":""},"categories":[16],"tags":[22],"class_list":["post-26787","post","type-post","status-publish","format-standard","has-post-thumbnail","hentry","category-religiao","tag-destaques"],"_links":{"self":[{"href":"https:\/\/www.saloanoticias.com\/v1\/wp-json\/wp\/v2\/posts\/26787","targetHints":{"allow":["GET"]}}],"collection":[{"href":"https:\/\/www.saloanoticias.com\/v1\/wp-json\/wp\/v2\/posts"}],"about":[{"href":"https:\/\/www.saloanoticias.com\/v1\/wp-json\/wp\/v2\/types\/post"}],"author":[{"embeddable":true,"href":"https:\/\/www.saloanoticias.com\/v1\/wp-json\/wp\/v2\/users\/1"}],"replies":[{"embeddable":true,"href":"https:\/\/www.saloanoticias.com\/v1\/wp-json\/wp\/v2\/comments?post=26787"}],"version-history":[{"count":5,"href":"https:\/\/www.saloanoticias.com\/v1\/wp-json\/wp\/v2\/posts\/26787\/revisions"}],"predecessor-version":[{"id":26798,"href":"https:\/\/www.saloanoticias.com\/v1\/wp-json\/wp\/v2\/posts\/26787\/revisions\/26798"}],"wp:featuredmedia":[{"embeddable":true,"href":"https:\/\/www.saloanoticias.com\/v1\/wp-json\/wp\/v2\/media\/26789"}],"wp:attachment":[{"href":"https:\/\/www.saloanoticias.com\/v1\/wp-json\/wp\/v2\/media?parent=26787"}],"wp:term":[{"taxonomy":"category","embeddable":true,"href":"https:\/\/www.saloanoticias.com\/v1\/wp-json\/wp\/v2\/categories?post=26787"},{"taxonomy":"post_tag","embeddable":true,"href":"https:\/\/www.saloanoticias.com\/v1\/wp-json\/wp\/v2\/tags?post=26787"}],"curies":[{"name":"wp","href":"https:\/\/api.w.org\/{rel}","templated":true}]}}