{"id":26759,"date":"2024-11-05T15:52:49","date_gmt":"2024-11-05T18:52:49","guid":{"rendered":"https:\/\/www.saloanoticias.com\/v1\/?p=26759"},"modified":"2024-11-05T16:09:23","modified_gmt":"2024-11-05T19:09:23","slug":"douglas-franca-e-mais-um-debutante-na-camara-de-vereadaores-a-partir-de-janeiro-de-2025","status":"publish","type":"post","link":"https:\/\/www.saloanoticias.com\/v1\/douglas-franca-e-mais-um-debutante-na-camara-de-vereadaores-a-partir-de-janeiro-de-2025\/","title":{"rendered":"Douglas Fran\u00e7a \u00e9 mais um debutante na C\u00e2mara de Vereadores a partir de janeiro de 2025"},"content":{"rendered":"\n<p>Com 503 votos recebidos nas \u00faltimas elei\u00e7\u00f5es municipais, o engenheiro civil Jos\u00e9 Douglas Fran\u00e7a Leite (PSD) foi eleito vereador e \u00e9 mais um debutante na C\u00e2mara Municipal da cidade de Salo\u00e1\/PE na pr\u00f3xima legislatura.<\/p>\n\n\n\n<p>Filho do ex-vereador Jos\u00e9 de Fran\u00e7as Leite, o popular Barba, que teve v\u00e1rios mandatos, tem tradi\u00e7\u00e3o pol\u00edtica e fez uma campanha propositiva e com forte influ\u00eancia na juventude da cidade, obtendo um resultado muito positivo nas urnas.<\/p>\n\n\n\n<p>Apesar de ainda muito jovem, Douglas Fran\u00e7as pavimentou sua candidatura em um trabalho s\u00e9rio na Secretaria de Obras do Munic\u00edpio, onde trabalhou por v\u00e1rios anos, acompanhando as a\u00e7\u00f5es que eram realizadas na sede e na zona rural.<\/p>\n\n\n\n<p>Douglas \u00e9 um dos cinco vereadores eleitos que assume pela primeira vez uma cadeira no Legislativo saloaense, que teve uma renova\u00e7\u00e3o que beira a casa dos 70% para a pr\u00f3xima legislatura. A elei\u00e7\u00e3o de Douglas representa a volta da fam\u00edlia Fran\u00e7a Leite \u00e0 Casa Jos\u00e9 Soares de Melo.<\/p>\n<div style=\"margin-top: 0px; margin-bottom: 0px;\" class=\"sharethis-inline-share-buttons\" ><\/div>","protected":false},"excerpt":{"rendered":"<p>Com 503 votos recebidos nas \u00faltimas elei\u00e7\u00f5es municipais, o engenheiro civil Jos\u00e9 Douglas Fran\u00e7a Leite (PSD) foi eleito vereador e \u00e9 mais um debutante na C\u00e2mara Municipal da cidade de Salo\u00e1\/PE na pr\u00f3xima legislatura. Filho do ex-vereador Jos\u00e9 de Fran\u00e7as Leite, o popular Barba, que teve v\u00e1rios mandatos, tem tradi\u00e7\u00e3o pol\u00edtica e fez uma campanha [&hellip;]<\/p>\n","protected":false},"author":1,"featured_media":26763,"comment_status":"closed","ping_status":"closed","sticky":false,"template":"","format":"standard","meta":{"footnotes":""},"categories":[21],"tags":[22],"class_list":["post-26759","post","type-post","status-publish","format-standard","has-post-thumbnail","hentry","category-cidade","tag-destaques"],"_links":{"self":[{"href":"https:\/\/www.saloanoticias.com\/v1\/wp-json\/wp\/v2\/posts\/26759","targetHints":{"allow":["GET"]}}],"collection":[{"href":"https:\/\/www.saloanoticias.com\/v1\/wp-json\/wp\/v2\/posts"}],"about":[{"href":"https:\/\/www.saloanoticias.com\/v1\/wp-json\/wp\/v2\/types\/post"}],"author":[{"embeddable":true,"href":"https:\/\/www.saloanoticias.com\/v1\/wp-json\/wp\/v2\/users\/1"}],"replies":[{"embeddable":true,"href":"https:\/\/www.saloanoticias.com\/v1\/wp-json\/wp\/v2\/comments?post=26759"}],"version-history":[{"count":6,"href":"https:\/\/www.saloanoticias.com\/v1\/wp-json\/wp\/v2\/posts\/26759\/revisions"}],"predecessor-version":[{"id":26771,"href":"https:\/\/www.saloanoticias.com\/v1\/wp-json\/wp\/v2\/posts\/26759\/revisions\/26771"}],"wp:featuredmedia":[{"embeddable":true,"href":"https:\/\/www.saloanoticias.com\/v1\/wp-json\/wp\/v2\/media\/26763"}],"wp:attachment":[{"href":"https:\/\/www.saloanoticias.com\/v1\/wp-json\/wp\/v2\/media?parent=26759"}],"wp:term":[{"taxonomy":"category","embeddable":true,"href":"https:\/\/www.saloanoticias.com\/v1\/wp-json\/wp\/v2\/categories?post=26759"},{"taxonomy":"post_tag","embeddable":true,"href":"https:\/\/www.saloanoticias.com\/v1\/wp-json\/wp\/v2\/tags?post=26759"}],"curies":[{"name":"wp","href":"https:\/\/api.w.org\/{rel}","templated":true}]}}