{"id":26730,"date":"2024-11-02T12:13:32","date_gmt":"2024-11-02T15:13:32","guid":{"rendered":"https:\/\/www.saloanoticias.com\/v1\/?p=26730"},"modified":"2024-11-02T12:26:22","modified_gmt":"2024-11-02T15:26:22","slug":"comeca-neste-sabado-02-11-o-11-encontro-de-mulheres-da-ieadpe-em-saloa","status":"publish","type":"post","link":"https:\/\/www.saloanoticias.com\/v1\/comeca-neste-sabado-02-11-o-11-encontro-de-mulheres-da-ieadpe-em-saloa\/","title":{"rendered":"Come\u00e7a neste s\u00e1bado (02\/11) o 11\u00b0 Encontro de Mulheres da IEADPE em Salo\u00e1"},"content":{"rendered":"\n<p>Come\u00e7a neste s\u00e1bado, dia 02 de novembro de 2024 e vai at\u00e9 o domingo (03\/11), as festividades em alus\u00e3o ao 11\u00ba Encontro de Mulheres da IEADPE \u2013 Igreja Evang\u00e9lica Assembleia de Deus com filial na cidade de Salo\u00e1\/PE, que fica localizada na Rua Rold\u00e3o Ten\u00f3rio Cavalcante, n.\u00ba 100, no Centro da cidade.<\/p>\n\n\n\n<p>Ser\u00e3o dois dias de muito avivamento espiritual e poder de Deus com o tema: \u201cA mulher crist\u00e3 e suas responsabilidades como filha amada por Deus\u201d \u2013 I Jo\u00e3o \u2013 3.1. Na ocasi\u00e3o, o grupo de senhoras receber\u00e1 v\u00e1rias caravanas vindas de outras cidades, que juntas, agradecer\u00e3o a Deus por mais uma no de vit\u00f3ria.<\/p>\n\n\n<div class=\"wp-block-image\">\n<figure class=\"aligncenter size-full\"><img loading=\"lazy\" decoding=\"async\" width=\"960\" height=\"786\" src=\"https:\/\/www.saloanoticias.com\/v1\/wp-content\/uploads\/2024\/11\/IMG_2596.jpeg\" alt=\"\" class=\"wp-image-26733\" srcset=\"https:\/\/www.saloanoticias.com\/v1\/wp-content\/uploads\/2024\/11\/IMG_2596.jpeg 960w, https:\/\/www.saloanoticias.com\/v1\/wp-content\/uploads\/2024\/11\/IMG_2596-300x246.jpeg 300w, https:\/\/www.saloanoticias.com\/v1\/wp-content\/uploads\/2024\/11\/IMG_2596-768x629.jpeg 768w\" sizes=\"auto, (max-width: 960px) 100vw, 960px\" \/><\/figure>\n<\/div>\n\n\n<p>A abertura oficial ser\u00e1 \u00e0s 18:30h na Igreja Matriz e ter\u00e1 a presen\u00e7a da cantora Wayne Aline e do Evangelista Dionisio Lira. No domingo (03), a prega\u00e7\u00e3o ficar\u00e1 por conta do pastor Enoque Barros e o louvor com a cantora Rog\u00e9ria Cardoso. A IEADPE tem a presid\u00eancia do pastor Ailton Jos\u00e9 Alves e a dire\u00e7\u00e3o local do pastor Mozeis Lima. Ore, Divulgue e Participe!<\/p>\n\n\n<div class=\"wp-block-image\">\n<figure class=\"aligncenter size-full\"><img loading=\"lazy\" decoding=\"async\" width=\"960\" height=\"777\" src=\"https:\/\/www.saloanoticias.com\/v1\/wp-content\/uploads\/2024\/11\/IMG_2597.jpeg\" alt=\"\" class=\"wp-image-26735\" srcset=\"https:\/\/www.saloanoticias.com\/v1\/wp-content\/uploads\/2024\/11\/IMG_2597.jpeg 960w, https:\/\/www.saloanoticias.com\/v1\/wp-content\/uploads\/2024\/11\/IMG_2597-300x243.jpeg 300w, https:\/\/www.saloanoticias.com\/v1\/wp-content\/uploads\/2024\/11\/IMG_2597-768x622.jpeg 768w\" sizes=\"auto, (max-width: 960px) 100vw, 960px\" \/><\/figure>\n<\/div><div style=\"margin-top: 0px; margin-bottom: 0px;\" class=\"sharethis-inline-share-buttons\" ><\/div>","protected":false},"excerpt":{"rendered":"<p>Come\u00e7a neste s\u00e1bado, dia 02 de novembro de 2024 e vai at\u00e9 o domingo (03\/11), as festividades em alus\u00e3o ao 11\u00ba Encontro de Mulheres da IEADPE \u2013 Igreja Evang\u00e9lica Assembleia de Deus com filial na cidade de Salo\u00e1\/PE, que fica localizada na Rua Rold\u00e3o Ten\u00f3rio Cavalcante, n.\u00ba 100, no Centro da cidade. Ser\u00e3o dois dias [&hellip;]<\/p>\n","protected":false},"author":1,"featured_media":26732,"comment_status":"closed","ping_status":"closed","sticky":false,"template":"","format":"standard","meta":{"footnotes":""},"categories":[16],"tags":[22],"class_list":["post-26730","post","type-post","status-publish","format-standard","has-post-thumbnail","hentry","category-religiao","tag-destaques"],"_links":{"self":[{"href":"https:\/\/www.saloanoticias.com\/v1\/wp-json\/wp\/v2\/posts\/26730","targetHints":{"allow":["GET"]}}],"collection":[{"href":"https:\/\/www.saloanoticias.com\/v1\/wp-json\/wp\/v2\/posts"}],"about":[{"href":"https:\/\/www.saloanoticias.com\/v1\/wp-json\/wp\/v2\/types\/post"}],"author":[{"embeddable":true,"href":"https:\/\/www.saloanoticias.com\/v1\/wp-json\/wp\/v2\/users\/1"}],"replies":[{"embeddable":true,"href":"https:\/\/www.saloanoticias.com\/v1\/wp-json\/wp\/v2\/comments?post=26730"}],"version-history":[{"count":3,"href":"https:\/\/www.saloanoticias.com\/v1\/wp-json\/wp\/v2\/posts\/26730\/revisions"}],"predecessor-version":[{"id":26737,"href":"https:\/\/www.saloanoticias.com\/v1\/wp-json\/wp\/v2\/posts\/26730\/revisions\/26737"}],"wp:featuredmedia":[{"embeddable":true,"href":"https:\/\/www.saloanoticias.com\/v1\/wp-json\/wp\/v2\/media\/26732"}],"wp:attachment":[{"href":"https:\/\/www.saloanoticias.com\/v1\/wp-json\/wp\/v2\/media?parent=26730"}],"wp:term":[{"taxonomy":"category","embeddable":true,"href":"https:\/\/www.saloanoticias.com\/v1\/wp-json\/wp\/v2\/categories?post=26730"},{"taxonomy":"post_tag","embeddable":true,"href":"https:\/\/www.saloanoticias.com\/v1\/wp-json\/wp\/v2\/tags?post=26730"}],"curies":[{"name":"wp","href":"https:\/\/api.w.org\/{rel}","templated":true}]}}