{"id":26690,"date":"2024-10-27T11:02:34","date_gmt":"2024-10-27T14:02:34","guid":{"rendered":"https:\/\/www.saloanoticias.com\/v1\/?p=26690"},"modified":"2024-10-27T11:02:35","modified_gmt":"2024-10-27T14:02:35","slug":"dom-aguinaldo-temoteo-celebra-missa-de-encerramento-da-93a-festa-de-sao-vicente","status":"publish","type":"post","link":"https:\/\/www.saloanoticias.com\/v1\/dom-aguinaldo-temoteo-celebra-missa-de-encerramento-da-93a-festa-de-sao-vicente\/","title":{"rendered":"Dom Aguinaldo Tem\u00f3teo celebra missa de encerramento da 93\u00aa festa de S\u00e3o Vicente"},"content":{"rendered":"\n<p>Termina neste domingo (27\/10) o noven\u00e1rio em alus\u00e3o as festas de S\u00e3o Vicente de Paulo, padroeiro da cidade de Salo\u00e1. O evento que geralmente \u00e9 realizado no m\u00eas de setembro, est\u00e1 acontecendo neste m\u00eas de outubro, devido as elei\u00e7\u00f5es municipais deste ano.<\/p>\n\n\n\n<p>Na programa\u00e7\u00e3o de encerramento, consta a tradicional girandola coletiva ao meio dia, prociss\u00e3o com a imagem do santo pelas principais ruas da cidade e por fim, a santa missa que ser\u00e1 celebrada pelo Bispo Diocesano, Dom Aguinaldo Tem\u00f3teo, este que visita o munic\u00edpio pela primeira vez desde que assumiu a Diocese de Garanhuns.<\/p>\n\n\n\n<p>Vicente de Paulo, nascido Vincent de Paul ou Vincent Depaul, foi um sacerdote cat\u00f3lico franc\u00eas, declarado santo pelo Papa Clemente XII em 1737. Foi um dos grandes protagonistas da Reforma Cat\u00f3lica na Fran\u00e7a do s\u00e9culo XVII.<\/p>\n<div style=\"margin-top: 0px; margin-bottom: 0px;\" class=\"sharethis-inline-share-buttons\" ><\/div>","protected":false},"excerpt":{"rendered":"<p>Termina neste domingo (27\/10) o noven\u00e1rio em alus\u00e3o as festas de S\u00e3o Vicente de Paulo, padroeiro da cidade de Salo\u00e1. O evento que geralmente \u00e9 realizado no m\u00eas de setembro, est\u00e1 acontecendo neste m\u00eas de outubro, devido as elei\u00e7\u00f5es municipais deste ano. Na programa\u00e7\u00e3o de encerramento, consta a tradicional girandola coletiva ao meio dia, prociss\u00e3o [&hellip;]<\/p>\n","protected":false},"author":1,"featured_media":26691,"comment_status":"closed","ping_status":"closed","sticky":false,"template":"","format":"standard","meta":{"footnotes":""},"categories":[16],"tags":[22],"class_list":["post-26690","post","type-post","status-publish","format-standard","has-post-thumbnail","hentry","category-religiao","tag-destaques"],"_links":{"self":[{"href":"https:\/\/www.saloanoticias.com\/v1\/wp-json\/wp\/v2\/posts\/26690","targetHints":{"allow":["GET"]}}],"collection":[{"href":"https:\/\/www.saloanoticias.com\/v1\/wp-json\/wp\/v2\/posts"}],"about":[{"href":"https:\/\/www.saloanoticias.com\/v1\/wp-json\/wp\/v2\/types\/post"}],"author":[{"embeddable":true,"href":"https:\/\/www.saloanoticias.com\/v1\/wp-json\/wp\/v2\/users\/1"}],"replies":[{"embeddable":true,"href":"https:\/\/www.saloanoticias.com\/v1\/wp-json\/wp\/v2\/comments?post=26690"}],"version-history":[{"count":1,"href":"https:\/\/www.saloanoticias.com\/v1\/wp-json\/wp\/v2\/posts\/26690\/revisions"}],"predecessor-version":[{"id":26692,"href":"https:\/\/www.saloanoticias.com\/v1\/wp-json\/wp\/v2\/posts\/26690\/revisions\/26692"}],"wp:featuredmedia":[{"embeddable":true,"href":"https:\/\/www.saloanoticias.com\/v1\/wp-json\/wp\/v2\/media\/26691"}],"wp:attachment":[{"href":"https:\/\/www.saloanoticias.com\/v1\/wp-json\/wp\/v2\/media?parent=26690"}],"wp:term":[{"taxonomy":"category","embeddable":true,"href":"https:\/\/www.saloanoticias.com\/v1\/wp-json\/wp\/v2\/categories?post=26690"},{"taxonomy":"post_tag","embeddable":true,"href":"https:\/\/www.saloanoticias.com\/v1\/wp-json\/wp\/v2\/tags?post=26690"}],"curies":[{"name":"wp","href":"https:\/\/api.w.org\/{rel}","templated":true}]}}