{"id":26512,"date":"2024-10-11T08:35:33","date_gmt":"2024-10-11T11:35:33","guid":{"rendered":"https:\/\/www.saloanoticias.com\/v1\/?p=26512"},"modified":"2024-10-11T09:43:27","modified_gmt":"2024-10-11T12:43:27","slug":"ewerton-silvestre-agradece-ao-povo-pelos-141-votos-de-confianca","status":"publish","type":"post","link":"https:\/\/www.saloanoticias.com\/v1\/ewerton-silvestre-agradece-ao-povo-pelos-141-votos-de-confianca\/","title":{"rendered":"Ewerton Silvestre agradece ao povo pelos 141 votos de confian\u00e7a"},"content":{"rendered":"\n<p>\u201cEu nunca estive sozinho\u201d &#8211; (Santa Irm\u00e3 Dulce). Aos que me trouxeram at\u00e9 aqui e, foram muitos\u2026 quero agradecer a cada um, voc\u00eas n\u00e3o me carregaram nos bra\u00e7os e sim no cora\u00e7\u00e3o! Os 141 votos de confian\u00e7a que tive foi honroso, genu\u00edno e afetivo!<\/p>\n\n\n\n<p>Cada um de voc\u00eas plantaram a semente das novas ideias, dos novos ideais, atrav\u00e9s da pol\u00edtica que pertence a todos n\u00f3s! E se voc\u00eas n\u00e3o querem que eu pare, continuarei! Seguirei firme trilhando o caminho da esperan\u00e7a, justi\u00e7a e amor. Nossa campanha teve uma base s\u00f3lida nestes componentes.<\/p>\n\n\n\n<p>Ressalto ainda que o poder emana do povo e no processo democr\u00e1tico o povo escolheu os seus representantes para o legislativo, lembrando que esta composi\u00e7\u00e3o reflete diretamente o rosto social.<\/p>\n\n\n\n<p>Agrade\u00e7o imensamente ao prefeito reeleito J\u00fanior de Rivaldo, ao seu vice atual Ronaldinho e ao vice eleito Cosme Barra Nova, por acreditarem em meu potencial e me oportunizaram viver esta experi\u00eancia que foi por mim vista de muitos \u00e2ngulos, me fortalecendo e me fazendo uma nova pessoa, ap\u00f3s o batismo pol\u00edtico. O futuro nos espera!<\/p>\n\n\n\n<p>Por fim, deixo para reflex\u00e3o as palavras do Padre J\u00falio Lancelotti: \u201cN\u00e3o estamos no mesmo barco, mas estamos na mesma tempestade. Uns de iati, outros a nado\u2026\u201d Obrigado, obrigado! O show tem que continuar\u2026<\/p>\n\n\n\n<p class=\"has-text-align-center\">Ewerton Silvestre<\/p>\n<div style=\"margin-top: 0px; margin-bottom: 0px;\" class=\"sharethis-inline-share-buttons\" ><\/div>","protected":false},"excerpt":{"rendered":"<p>\u201cEu nunca estive sozinho\u201d &#8211; (Santa Irm\u00e3 Dulce). Aos que me trouxeram at\u00e9 aqui e, foram muitos\u2026 quero agradecer a cada um, voc\u00eas n\u00e3o me carregaram nos bra\u00e7os e sim no cora\u00e7\u00e3o! Os 141 votos de confian\u00e7a que tive foi honroso, genu\u00edno e afetivo! Cada um de voc\u00eas plantaram a semente das novas ideias, dos [&hellip;]<\/p>\n","protected":false},"author":1,"featured_media":26513,"comment_status":"closed","ping_status":"closed","sticky":false,"template":"","format":"standard","meta":{"footnotes":""},"categories":[21],"tags":[22],"class_list":["post-26512","post","type-post","status-publish","format-standard","has-post-thumbnail","hentry","category-cidade","tag-destaques"],"_links":{"self":[{"href":"https:\/\/www.saloanoticias.com\/v1\/wp-json\/wp\/v2\/posts\/26512","targetHints":{"allow":["GET"]}}],"collection":[{"href":"https:\/\/www.saloanoticias.com\/v1\/wp-json\/wp\/v2\/posts"}],"about":[{"href":"https:\/\/www.saloanoticias.com\/v1\/wp-json\/wp\/v2\/types\/post"}],"author":[{"embeddable":true,"href":"https:\/\/www.saloanoticias.com\/v1\/wp-json\/wp\/v2\/users\/1"}],"replies":[{"embeddable":true,"href":"https:\/\/www.saloanoticias.com\/v1\/wp-json\/wp\/v2\/comments?post=26512"}],"version-history":[{"count":2,"href":"https:\/\/www.saloanoticias.com\/v1\/wp-json\/wp\/v2\/posts\/26512\/revisions"}],"predecessor-version":[{"id":26517,"href":"https:\/\/www.saloanoticias.com\/v1\/wp-json\/wp\/v2\/posts\/26512\/revisions\/26517"}],"wp:featuredmedia":[{"embeddable":true,"href":"https:\/\/www.saloanoticias.com\/v1\/wp-json\/wp\/v2\/media\/26513"}],"wp:attachment":[{"href":"https:\/\/www.saloanoticias.com\/v1\/wp-json\/wp\/v2\/media?parent=26512"}],"wp:term":[{"taxonomy":"category","embeddable":true,"href":"https:\/\/www.saloanoticias.com\/v1\/wp-json\/wp\/v2\/categories?post=26512"},{"taxonomy":"post_tag","embeddable":true,"href":"https:\/\/www.saloanoticias.com\/v1\/wp-json\/wp\/v2\/tags?post=26512"}],"curies":[{"name":"wp","href":"https:\/\/api.w.org\/{rel}","templated":true}]}}