{"id":26438,"date":"2024-10-07T18:01:50","date_gmt":"2024-10-07T21:01:50","guid":{"rendered":"https:\/\/www.saloanoticias.com\/v1\/?p=26438"},"modified":"2024-10-07T20:42:25","modified_gmt":"2024-10-07T23:42:25","slug":"saiba-como-sera-a-composicao-da-camara-de-saloa-a-partir-de-janeiro-de-2025","status":"publish","type":"post","link":"https:\/\/www.saloanoticias.com\/v1\/saiba-como-sera-a-composicao-da-camara-de-saloa-a-partir-de-janeiro-de-2025\/","title":{"rendered":"Saiba como ser\u00e1 a composi\u00e7\u00e3o da C\u00e2mara de Salo\u00e1 a partir de janeiro de 2025"},"content":{"rendered":"\n<p>Depois de 100% das urnas apuradas oficialmente na cidade de Salo\u00e1\/PE, ainda na noite deste domingo (06\/10\/24), saiu o resultado dos vereadores eleitos que v\u00e3o assumir no pr\u00f3ximo dia 1\u00ba de janeiro de 2025, os quais seguem a partir da listagem abaixo divulgada pelo TSE:<\/p>\n\n\n\n<p class=\"has-text-align-center\"><strong>Lib\u00e2nea Miranda (MDB) &#8211;  764 votos<\/strong><\/p>\n\n\n\n<p class=\"has-text-align-center\"><strong>Jos\u00e9 Francisco Curvelo Silva (Jamel\u00e3o &#8211; MDB) &#8211; 675 votos<\/strong><\/p>\n\n\n\n<p class=\"has-text-align-center\"><strong>Adriano da Silva Honorato (Lubiano &#8211; PT) &#8211; 507 votos<\/strong><\/p>\n\n\n\n<p class=\"has-text-align-center\"><strong>Jos\u00e9 Douglas Fran\u00e7a Leite (PSD) &#8211; 503 votos<\/strong><\/p>\n\n\n\n<p class=\"has-text-align-center\"><strong>Maria Adriana Florentino Maciel Alves (Ana Alves &#8211; PSDB)  &#8211; 474 votos<\/strong><\/p>\n\n\n\n<p class=\"has-text-align-center\"><strong>Jos\u00e9 Ailton Carlos (Z\u00e9 Cabeleireiro  &#8211; Republicanos) &#8211; 406 votos<\/strong><\/p>\n\n\n\n<p class=\"has-text-align-center\"><strong>Tisley Vicente Silva Filho (Tisleyzinho &#8211; PSD)) &#8211; 378 votos<\/strong><\/p>\n\n\n\n<p class=\"has-text-align-center\"><strong>Manoel Alves Maciel (Manoel de Arthur &#8211; PSDB) &#8211; 351 votos<\/strong><\/p>\n\n\n\n<p class=\"has-text-align-center\"><strong>Jean Carlos de Souza Leite (Jean Fran\u00e7a &#8211; PSB) &#8211; 265<\/strong> <strong>votos<\/strong><\/p>\n\n\n<div class=\"wp-block-image\">\n<figure class=\"aligncenter size-large is-resized\"><img loading=\"lazy\" decoding=\"async\" width=\"956\" height=\"1024\" src=\"https:\/\/www.saloanoticias.com\/v1\/wp-content\/uploads\/2024\/10\/IMG_2093-956x1024.jpeg\" alt=\"\" class=\"wp-image-26439\" style=\"width:962px;height:auto\" srcset=\"https:\/\/www.saloanoticias.com\/v1\/wp-content\/uploads\/2024\/10\/IMG_2093-956x1024.jpeg 956w, https:\/\/www.saloanoticias.com\/v1\/wp-content\/uploads\/2024\/10\/IMG_2093-280x300.jpeg 280w, https:\/\/www.saloanoticias.com\/v1\/wp-content\/uploads\/2024\/10\/IMG_2093-768x823.jpeg 768w, https:\/\/www.saloanoticias.com\/v1\/wp-content\/uploads\/2024\/10\/IMG_2093-1433x1536.jpeg 1433w, https:\/\/www.saloanoticias.com\/v1\/wp-content\/uploads\/2024\/10\/IMG_2093-1911x2048.jpeg 1911w, https:\/\/www.saloanoticias.com\/v1\/wp-content\/uploads\/2024\/10\/IMG_2093-560x600.jpeg 560w\" sizes=\"auto, (max-width: 956px) 100vw, 956px\" \/><\/figure>\n<\/div>\n\n\n<p>Essa \u00e9 a nova composi\u00e7\u00e3o da C\u00e2mara Municipal para os pr\u00f3ximos quatro anos e, dos atuais 11 vereadores, apenas tr\u00eas foram reeleitos para a Legislatura 2025\/2028, cinco nomes v\u00e3o estrear na Casa Jos\u00e9 Soares de Melo que ter\u00e1 uma renova\u00e7\u00e3o de 73% das cadeiras.<\/p>\n\n\n\n<p>O ex-vereador Manoel de Arthur (PSDB) volta a partir de janeiro a ocupar uma cadeira no Legislativo Municipal depois de 20 anos. A partir da pr\u00f3xima legislatura, as maiores bancadas na C\u00e2mara de Salo\u00e1 que conta agora com 9 cadeiras ser\u00e1 do PSDB, MDB e PSD, todos com com 2 vereadores cada.<\/p>\n\n\n\n<p>Vale destacar que o prefeito J\u00fanior de Rivaldo (PSDB) que foi reeleito com 6.872 votos, ou seja, 77,59%, ter\u00e1 o apoio de seis dos nove parlamentares.<\/p>\n\n\n<div class=\"wp-block-image\">\n<figure class=\"aligncenter size-full\"><img loading=\"lazy\" decoding=\"async\" width=\"960\" height=\"954\" src=\"https:\/\/www.saloanoticias.com\/v1\/wp-content\/uploads\/2024\/10\/IMG_2105-1.jpeg\" alt=\"\" class=\"wp-image-26456\" srcset=\"https:\/\/www.saloanoticias.com\/v1\/wp-content\/uploads\/2024\/10\/IMG_2105-1.jpeg 960w, https:\/\/www.saloanoticias.com\/v1\/wp-content\/uploads\/2024\/10\/IMG_2105-1-300x298.jpeg 300w, https:\/\/www.saloanoticias.com\/v1\/wp-content\/uploads\/2024\/10\/IMG_2105-1-150x150.jpeg 150w, https:\/\/www.saloanoticias.com\/v1\/wp-content\/uploads\/2024\/10\/IMG_2105-1-768x763.jpeg 768w, https:\/\/www.saloanoticias.com\/v1\/wp-content\/uploads\/2024\/10\/IMG_2105-1-80x80.jpeg 80w\" sizes=\"auto, (max-width: 960px) 100vw, 960px\" \/><\/figure>\n<\/div><div style=\"margin-top: 0px; margin-bottom: 0px;\" class=\"sharethis-inline-share-buttons\" ><\/div>","protected":false},"excerpt":{"rendered":"<p>Depois de 100% das urnas apuradas oficialmente na cidade de Salo\u00e1\/PE, ainda na noite deste domingo (06\/10\/24), saiu o resultado dos vereadores eleitos que v\u00e3o assumir no pr\u00f3ximo dia 1\u00ba de janeiro de 2025, os quais seguem a partir da listagem abaixo divulgada pelo TSE: Lib\u00e2nea Miranda (MDB) &#8211; 764 votos Jos\u00e9 Francisco Curvelo Silva [&hellip;]<\/p>\n","protected":false},"author":1,"featured_media":26459,"comment_status":"closed","ping_status":"closed","sticky":false,"template":"","format":"standard","meta":{"footnotes":""},"categories":[21],"tags":[22],"class_list":["post-26438","post","type-post","status-publish","format-standard","has-post-thumbnail","hentry","category-cidade","tag-destaques"],"_links":{"self":[{"href":"https:\/\/www.saloanoticias.com\/v1\/wp-json\/wp\/v2\/posts\/26438","targetHints":{"allow":["GET"]}}],"collection":[{"href":"https:\/\/www.saloanoticias.com\/v1\/wp-json\/wp\/v2\/posts"}],"about":[{"href":"https:\/\/www.saloanoticias.com\/v1\/wp-json\/wp\/v2\/types\/post"}],"author":[{"embeddable":true,"href":"https:\/\/www.saloanoticias.com\/v1\/wp-json\/wp\/v2\/users\/1"}],"replies":[{"embeddable":true,"href":"https:\/\/www.saloanoticias.com\/v1\/wp-json\/wp\/v2\/comments?post=26438"}],"version-history":[{"count":9,"href":"https:\/\/www.saloanoticias.com\/v1\/wp-json\/wp\/v2\/posts\/26438\/revisions"}],"predecessor-version":[{"id":26465,"href":"https:\/\/www.saloanoticias.com\/v1\/wp-json\/wp\/v2\/posts\/26438\/revisions\/26465"}],"wp:featuredmedia":[{"embeddable":true,"href":"https:\/\/www.saloanoticias.com\/v1\/wp-json\/wp\/v2\/media\/26459"}],"wp:attachment":[{"href":"https:\/\/www.saloanoticias.com\/v1\/wp-json\/wp\/v2\/media?parent=26438"}],"wp:term":[{"taxonomy":"category","embeddable":true,"href":"https:\/\/www.saloanoticias.com\/v1\/wp-json\/wp\/v2\/categories?post=26438"},{"taxonomy":"post_tag","embeddable":true,"href":"https:\/\/www.saloanoticias.com\/v1\/wp-json\/wp\/v2\/tags?post=26438"}],"curies":[{"name":"wp","href":"https:\/\/api.w.org\/{rel}","templated":true}]}}