{"id":26423,"date":"2024-10-06T08:55:47","date_gmt":"2024-10-06T11:55:47","guid":{"rendered":"https:\/\/www.saloanoticias.com\/v1\/?p=26423"},"modified":"2024-10-06T09:43:11","modified_gmt":"2024-10-06T12:43:11","slug":"saiba-os-locais-de-votacao-em-saloa-pe","status":"publish","type":"post","link":"https:\/\/www.saloanoticias.com\/v1\/saiba-os-locais-de-votacao-em-saloa-pe\/","title":{"rendered":"Elei\u00e7\u00f5es 2024: saiba os locais de vota\u00e7\u00e3o em Salo\u00e1\/PE"},"content":{"rendered":"\n<p>Saiba onde ficam os locais de vota\u00e7\u00f5es nas elei\u00e7\u00f5es para prefeito, vice e vereadores no Munic\u00edpios de Salo\u00e1 neste ano de 2024, que foram divulgados pelo TRE\/PE, Tribunal Regional Eleitoral de Pernambuco.<\/p>\n\n\n<div class=\"wp-block-image\">\n<figure class=\"aligncenter size-full\"><img loading=\"lazy\" decoding=\"async\" width=\"901\" height=\"972\" src=\"https:\/\/www.saloanoticias.com\/v1\/wp-content\/uploads\/2024\/10\/IMG_2074.jpeg\" alt=\"\" class=\"wp-image-26425\" srcset=\"https:\/\/www.saloanoticias.com\/v1\/wp-content\/uploads\/2024\/10\/IMG_2074.jpeg 901w, https:\/\/www.saloanoticias.com\/v1\/wp-content\/uploads\/2024\/10\/IMG_2074-278x300.jpeg 278w, https:\/\/www.saloanoticias.com\/v1\/wp-content\/uploads\/2024\/10\/IMG_2074-768x829.jpeg 768w\" sizes=\"auto, (max-width: 901px) 100vw, 901px\" \/><\/figure>\n<\/div>\n\n<div class=\"wp-block-image\">\n<figure class=\"aligncenter size-full\"><img loading=\"lazy\" decoding=\"async\" width=\"892\" height=\"452\" src=\"https:\/\/www.saloanoticias.com\/v1\/wp-content\/uploads\/2024\/10\/IMG_2076.jpeg\" alt=\"\" class=\"wp-image-26426\" srcset=\"https:\/\/www.saloanoticias.com\/v1\/wp-content\/uploads\/2024\/10\/IMG_2076.jpeg 892w, https:\/\/www.saloanoticias.com\/v1\/wp-content\/uploads\/2024\/10\/IMG_2076-300x152.jpeg 300w, https:\/\/www.saloanoticias.com\/v1\/wp-content\/uploads\/2024\/10\/IMG_2076-768x389.jpeg 768w\" sizes=\"auto, (max-width: 892px) 100vw, 892px\" \/><\/figure>\n<\/div><div style=\"margin-top: 0px; margin-bottom: 0px;\" class=\"sharethis-inline-share-buttons\" ><\/div>","protected":false},"excerpt":{"rendered":"<p>Saiba onde ficam os locais de vota\u00e7\u00f5es nas elei\u00e7\u00f5es para prefeito, vice e vereadores no Munic\u00edpios de Salo\u00e1 neste ano de 2024, que foram divulgados pelo TRE\/PE, Tribunal Regional Eleitoral de Pernambuco.<\/p>\n","protected":false},"author":1,"featured_media":26429,"comment_status":"closed","ping_status":"closed","sticky":false,"template":"","format":"standard","meta":{"footnotes":""},"categories":[21],"tags":[22],"class_list":["post-26423","post","type-post","status-publish","format-standard","has-post-thumbnail","hentry","category-cidade","tag-destaques"],"_links":{"self":[{"href":"https:\/\/www.saloanoticias.com\/v1\/wp-json\/wp\/v2\/posts\/26423","targetHints":{"allow":["GET"]}}],"collection":[{"href":"https:\/\/www.saloanoticias.com\/v1\/wp-json\/wp\/v2\/posts"}],"about":[{"href":"https:\/\/www.saloanoticias.com\/v1\/wp-json\/wp\/v2\/types\/post"}],"author":[{"embeddable":true,"href":"https:\/\/www.saloanoticias.com\/v1\/wp-json\/wp\/v2\/users\/1"}],"replies":[{"embeddable":true,"href":"https:\/\/www.saloanoticias.com\/v1\/wp-json\/wp\/v2\/comments?post=26423"}],"version-history":[{"count":3,"href":"https:\/\/www.saloanoticias.com\/v1\/wp-json\/wp\/v2\/posts\/26423\/revisions"}],"predecessor-version":[{"id":26428,"href":"https:\/\/www.saloanoticias.com\/v1\/wp-json\/wp\/v2\/posts\/26423\/revisions\/26428"}],"wp:featuredmedia":[{"embeddable":true,"href":"https:\/\/www.saloanoticias.com\/v1\/wp-json\/wp\/v2\/media\/26429"}],"wp:attachment":[{"href":"https:\/\/www.saloanoticias.com\/v1\/wp-json\/wp\/v2\/media?parent=26423"}],"wp:term":[{"taxonomy":"category","embeddable":true,"href":"https:\/\/www.saloanoticias.com\/v1\/wp-json\/wp\/v2\/categories?post=26423"},{"taxonomy":"post_tag","embeddable":true,"href":"https:\/\/www.saloanoticias.com\/v1\/wp-json\/wp\/v2\/tags?post=26423"}],"curies":[{"name":"wp","href":"https:\/\/api.w.org\/{rel}","templated":true}]}}