{"id":26268,"date":"2024-09-12T16:01:18","date_gmt":"2024-09-12T19:01:18","guid":{"rendered":"https:\/\/www.saloanoticias.com\/v1\/?p=26268"},"modified":"2024-09-28T08:15:24","modified_gmt":"2024-09-28T11:15:24","slug":"cantor-marcos-antonio-se-apresenta-no-dia-28-09-na-5a-edicao-do-adora-saloa","status":"publish","type":"post","link":"https:\/\/www.saloanoticias.com\/v1\/cantor-marcos-antonio-se-apresenta-no-dia-28-09-na-5a-edicao-do-adora-saloa\/","title":{"rendered":"5\u00aa edi\u00e7\u00e3o do Adora Salo\u00e1 acontece neste s\u00e1bado (28) com a presen\u00e7a do Cantor Marcos Ant\u00f4nio"},"content":{"rendered":"\n<p>O cantor Marcos Ant\u00f4nio, mais conhecido no meio evang\u00e9lico como &#8220;O Negr\u00e3o Aben\u00e7oado&#8221;, considerado um dos maiores \u00edcones da m\u00fasica gospel brasileira, confirmou\u00a0presen\u00e7a no\u00a05\u00ba Adora Salo\u00e1,\u00a0evento que ser\u00e1 realizado neste s\u00e1bado, dia 28 de setembro de 2024, na Pra\u00e7a Agamenon Magalh\u00e3es (Pra\u00e7a de Eventos) no centro da cidade.<\/p>\n\n\n\n<p>Segundo os organizadores da festa religiosa, a 5\u00aa edi\u00e7\u00e3o do Adora&nbsp;Salo\u00e1 tem tudo para ser a maior de todas j\u00e1 realizadas. O Evento integra o&nbsp;calend\u00e1rio festivo do Munic\u00edpio e contar\u00e1 com uma super estrutura de palco, som, ilumina\u00e7\u00e3o e com o apoio da Prefeitura de Salo\u00e1, al\u00e9m do com\u00e9rcio local.<\/p>\n\n\n<div class=\"wp-block-image\">\n<figure class=\"aligncenter size-large\"><img loading=\"lazy\" decoding=\"async\" width=\"808\" height=\"1024\" src=\"https:\/\/www.saloanoticias.com\/v1\/wp-content\/uploads\/2024\/09\/1b5e8397-4b7b-4185-a6ec-23a465218168-808x1024.jpeg\" alt=\"\" class=\"wp-image-26272\" srcset=\"https:\/\/www.saloanoticias.com\/v1\/wp-content\/uploads\/2024\/09\/1b5e8397-4b7b-4185-a6ec-23a465218168-808x1024.jpeg 808w, https:\/\/www.saloanoticias.com\/v1\/wp-content\/uploads\/2024\/09\/1b5e8397-4b7b-4185-a6ec-23a465218168-237x300.jpeg 237w, https:\/\/www.saloanoticias.com\/v1\/wp-content\/uploads\/2024\/09\/1b5e8397-4b7b-4185-a6ec-23a465218168-768x973.jpeg 768w, https:\/\/www.saloanoticias.com\/v1\/wp-content\/uploads\/2024\/09\/1b5e8397-4b7b-4185-a6ec-23a465218168.jpeg 982w\" sizes=\"auto, (max-width: 808px) 100vw, 808px\" \/><\/figure>\n<\/div>\n\n\n<p>\u201cNossa festa ser\u00e1 uma verdadeira b\u00ean\u00e7\u00e3o, pois levaremos a&nbsp;palavra de Deus e muito louvor para os cora\u00e7\u00f5es daqueles que precisam da sua presen\u00e7a\u201d,&nbsp;pontuou um integrante da equipe de organiza\u00e7\u00e3o. O 5\u00ba Adora Salo\u00e1 acontecer\u00e1 no dia 28 de setembro, a partir das 18h, na pra\u00e7a de eventos da cidade. Brevemente a programa\u00e7\u00e3o completa.<\/p>\n\n\n<div class=\"wp-block-image\">\n<figure class=\"aligncenter size-large\"><img loading=\"lazy\" decoding=\"async\" width=\"1024\" height=\"682\" src=\"https:\/\/www.saloanoticias.com\/v1\/wp-content\/uploads\/2024\/09\/blog-do-ronaldo-birunda-1-1024x682.jpg\" alt=\"\" class=\"wp-image-26269\" srcset=\"https:\/\/www.saloanoticias.com\/v1\/wp-content\/uploads\/2024\/09\/blog-do-ronaldo-birunda-1-1024x682.jpg 1024w, https:\/\/www.saloanoticias.com\/v1\/wp-content\/uploads\/2024\/09\/blog-do-ronaldo-birunda-1-300x200.jpg 300w, https:\/\/www.saloanoticias.com\/v1\/wp-content\/uploads\/2024\/09\/blog-do-ronaldo-birunda-1-768x512.jpg 768w, https:\/\/www.saloanoticias.com\/v1\/wp-content\/uploads\/2024\/09\/blog-do-ronaldo-birunda-1.jpg 1280w\" sizes=\"auto, (max-width: 1024px) 100vw, 1024px\" \/><\/figure>\n<\/div><div style=\"margin-top: 0px; margin-bottom: 0px;\" class=\"sharethis-inline-share-buttons\" ><\/div>","protected":false},"excerpt":{"rendered":"<p>O cantor Marcos Ant\u00f4nio, mais conhecido no meio evang\u00e9lico como &#8220;O Negr\u00e3o Aben\u00e7oado&#8221;, considerado um dos maiores \u00edcones da m\u00fasica gospel brasileira, confirmou\u00a0presen\u00e7a no\u00a05\u00ba Adora Salo\u00e1,\u00a0evento que ser\u00e1 realizado neste s\u00e1bado, dia 28 de setembro de 2024, na Pra\u00e7a Agamenon Magalh\u00e3es (Pra\u00e7a de Eventos) no centro da cidade. Segundo os organizadores da festa religiosa, a [&hellip;]<\/p>\n","protected":false},"author":1,"featured_media":26270,"comment_status":"closed","ping_status":"closed","sticky":false,"template":"","format":"standard","meta":{"footnotes":""},"categories":[21],"tags":[22],"class_list":["post-26268","post","type-post","status-publish","format-standard","has-post-thumbnail","hentry","category-cidade","tag-destaques"],"_links":{"self":[{"href":"https:\/\/www.saloanoticias.com\/v1\/wp-json\/wp\/v2\/posts\/26268","targetHints":{"allow":["GET"]}}],"collection":[{"href":"https:\/\/www.saloanoticias.com\/v1\/wp-json\/wp\/v2\/posts"}],"about":[{"href":"https:\/\/www.saloanoticias.com\/v1\/wp-json\/wp\/v2\/types\/post"}],"author":[{"embeddable":true,"href":"https:\/\/www.saloanoticias.com\/v1\/wp-json\/wp\/v2\/users\/1"}],"replies":[{"embeddable":true,"href":"https:\/\/www.saloanoticias.com\/v1\/wp-json\/wp\/v2\/comments?post=26268"}],"version-history":[{"count":7,"href":"https:\/\/www.saloanoticias.com\/v1\/wp-json\/wp\/v2\/posts\/26268\/revisions"}],"predecessor-version":[{"id":26364,"href":"https:\/\/www.saloanoticias.com\/v1\/wp-json\/wp\/v2\/posts\/26268\/revisions\/26364"}],"wp:featuredmedia":[{"embeddable":true,"href":"https:\/\/www.saloanoticias.com\/v1\/wp-json\/wp\/v2\/media\/26270"}],"wp:attachment":[{"href":"https:\/\/www.saloanoticias.com\/v1\/wp-json\/wp\/v2\/media?parent=26268"}],"wp:term":[{"taxonomy":"category","embeddable":true,"href":"https:\/\/www.saloanoticias.com\/v1\/wp-json\/wp\/v2\/categories?post=26268"},{"taxonomy":"post_tag","embeddable":true,"href":"https:\/\/www.saloanoticias.com\/v1\/wp-json\/wp\/v2\/tags?post=26268"}],"curies":[{"name":"wp","href":"https:\/\/api.w.org\/{rel}","templated":true}]}}