{"id":26258,"date":"2024-09-11T15:02:18","date_gmt":"2024-09-11T18:02:18","guid":{"rendered":"https:\/\/www.saloanoticias.com\/v1\/?p=26258"},"modified":"2024-09-11T15:08:59","modified_gmt":"2024-09-11T18:08:59","slug":"26258-2","status":"publish","type":"post","link":"https:\/\/www.saloanoticias.com\/v1\/26258-2\/","title":{"rendered":"Prefeitura de Salo\u00e1 inaugura ponto de apoio e cal\u00e7amento na Vila dos Basti\u00f5es"},"content":{"rendered":"\n<p>A Prefeitura de Salo\u00e1 inaugurou na \u00faltima segunda-feira, dia 9 de setembro, o cal\u00e7amento em paralep\u00edpedos e o ponto de apoio de sa\u00fade na conhecida Vila dos Basti\u00f5es, zona rural da cidade de Salo\u00e1.<\/p>\n\n\n<div class=\"wp-block-image\">\n<figure class=\"aligncenter size-large\"><img loading=\"lazy\" decoding=\"async\" width=\"1024\" height=\"768\" src=\"https:\/\/www.saloanoticias.com\/v1\/wp-content\/uploads\/2024\/09\/73e66607-7bbc-4013-a2ae-22303fe0e2d3-1024x768.jpeg\" alt=\"\" class=\"wp-image-26264\" srcset=\"https:\/\/www.saloanoticias.com\/v1\/wp-content\/uploads\/2024\/09\/73e66607-7bbc-4013-a2ae-22303fe0e2d3-1024x768.jpeg 1024w, https:\/\/www.saloanoticias.com\/v1\/wp-content\/uploads\/2024\/09\/73e66607-7bbc-4013-a2ae-22303fe0e2d3-300x225.jpeg 300w, https:\/\/www.saloanoticias.com\/v1\/wp-content\/uploads\/2024\/09\/73e66607-7bbc-4013-a2ae-22303fe0e2d3-768x576.jpeg 768w, https:\/\/www.saloanoticias.com\/v1\/wp-content\/uploads\/2024\/09\/73e66607-7bbc-4013-a2ae-22303fe0e2d3.jpeg 1280w\" sizes=\"auto, (max-width: 1024px) 100vw, 1024px\" \/><\/figure>\n<\/div>\n\n\n<p>O ponto de apoio conta com consult\u00f3rios m\u00e9dico, odontol\u00f3gico, sala de enfermagem, de curativo, copa, recep\u00e7\u00e3o e banheiros.&nbsp;Al\u00e9m do atendimento de m\u00e9dico, enfermeiros e dentista, a popula\u00e7\u00e3o tamb\u00e9m vai contar com acompanhamento de pr\u00e9-natal para as gestantes, vacina\u00e7\u00e3o e curativos.<\/p>\n\n\n<div class=\"wp-block-image\">\n<figure class=\"aligncenter size-large\"><img loading=\"lazy\" decoding=\"async\" width=\"1024\" height=\"578\" src=\"https:\/\/www.saloanoticias.com\/v1\/wp-content\/uploads\/2024\/09\/saloa-noticias-blog-1-1024x578.jpg\" alt=\"\" class=\"wp-image-26261\" srcset=\"https:\/\/www.saloanoticias.com\/v1\/wp-content\/uploads\/2024\/09\/saloa-noticias-blog-1-1024x578.jpg 1024w, https:\/\/www.saloanoticias.com\/v1\/wp-content\/uploads\/2024\/09\/saloa-noticias-blog-1-300x169.jpg 300w, https:\/\/www.saloanoticias.com\/v1\/wp-content\/uploads\/2024\/09\/saloa-noticias-blog-1-768x434.jpg 768w, https:\/\/www.saloanoticias.com\/v1\/wp-content\/uploads\/2024\/09\/saloa-noticias-blog-1.jpg 1080w\" sizes=\"auto, (max-width: 1024px) 100vw, 1024px\" \/><\/figure>\n<\/div>\n\n\n<p>\u201cEstamos hoje entregando mais um Ponto de Apoio em sa\u00fade em nossa zona rural, t\u00e3o desejado pelos moradores da Vila dos Basti\u00f5es\u201d, destacou o Secret\u00e1rio de Sa\u00fade, Paulo Cabral. Participaram da inaugura\u00e7\u00e3o, o Vice-Prefeito Ronaldinho, o secret\u00e1rio de sa\u00fade, Paulo Cabral, o secret\u00e1rio de\u00a0Assist\u00eancia\u00a0Social, Carlos Ouro Preto dentre outros convidados.<\/p>\n\n\n<div class=\"wp-block-image\">\n<figure class=\"aligncenter size-large\"><img loading=\"lazy\" decoding=\"async\" width=\"768\" height=\"1024\" src=\"https:\/\/www.saloanoticias.com\/v1\/wp-content\/uploads\/2024\/09\/189733c6-f134-405b-aba0-2e2433012bdf-768x1024.jpeg\" alt=\"\" class=\"wp-image-26266\" srcset=\"https:\/\/www.saloanoticias.com\/v1\/wp-content\/uploads\/2024\/09\/189733c6-f134-405b-aba0-2e2433012bdf-768x1024.jpeg 768w, https:\/\/www.saloanoticias.com\/v1\/wp-content\/uploads\/2024\/09\/189733c6-f134-405b-aba0-2e2433012bdf-225x300.jpeg 225w, https:\/\/www.saloanoticias.com\/v1\/wp-content\/uploads\/2024\/09\/189733c6-f134-405b-aba0-2e2433012bdf.jpeg 960w\" sizes=\"auto, (max-width: 768px) 100vw, 768px\" \/><\/figure>\n<\/div>\n\n\n<p>O vice-prefeito Ronaldinho destacou a import\u00e2ncia do cal\u00e7amento e do novo postinho para aquela popula\u00e7\u00e3o, informando que o Munic\u00edpio est\u00e1 levando mais qualidade de vida e universalizando os servi\u00e7os b\u00e1sicos de sa\u00fade e infraestrutura para o povo.<\/p>\n\n\n\n<p>Logo depois da solenidade de inaugura\u00e7\u00e3o, a popula\u00e7\u00e3o j\u00e1 come\u00e7ou a receber os servi\u00e7os de atendimento m\u00e9dico, odontol\u00f3gico e os demais atendimentos.<\/p>\n<div style=\"margin-top: 0px; margin-bottom: 0px;\" class=\"sharethis-inline-share-buttons\" ><\/div>","protected":false},"excerpt":{"rendered":"<p>A Prefeitura de Salo\u00e1 inaugurou na \u00faltima segunda-feira, dia 9 de setembro, o cal\u00e7amento em paralep\u00edpedos e o ponto de apoio de sa\u00fade na conhecida Vila dos Basti\u00f5es, zona rural da cidade de Salo\u00e1. O ponto de apoio conta com consult\u00f3rios m\u00e9dico, odontol\u00f3gico, sala de enfermagem, de curativo, copa, recep\u00e7\u00e3o e banheiros.&nbsp;Al\u00e9m do atendimento de [&hellip;]<\/p>\n","protected":false},"author":1,"featured_media":26263,"comment_status":"closed","ping_status":"closed","sticky":false,"template":"","format":"standard","meta":{"footnotes":""},"categories":[21],"tags":[22],"class_list":["post-26258","post","type-post","status-publish","format-standard","has-post-thumbnail","hentry","category-cidade","tag-destaques"],"_links":{"self":[{"href":"https:\/\/www.saloanoticias.com\/v1\/wp-json\/wp\/v2\/posts\/26258","targetHints":{"allow":["GET"]}}],"collection":[{"href":"https:\/\/www.saloanoticias.com\/v1\/wp-json\/wp\/v2\/posts"}],"about":[{"href":"https:\/\/www.saloanoticias.com\/v1\/wp-json\/wp\/v2\/types\/post"}],"author":[{"embeddable":true,"href":"https:\/\/www.saloanoticias.com\/v1\/wp-json\/wp\/v2\/users\/1"}],"replies":[{"embeddable":true,"href":"https:\/\/www.saloanoticias.com\/v1\/wp-json\/wp\/v2\/comments?post=26258"}],"version-history":[{"count":4,"href":"https:\/\/www.saloanoticias.com\/v1\/wp-json\/wp\/v2\/posts\/26258\/revisions"}],"predecessor-version":[{"id":26267,"href":"https:\/\/www.saloanoticias.com\/v1\/wp-json\/wp\/v2\/posts\/26258\/revisions\/26267"}],"wp:featuredmedia":[{"embeddable":true,"href":"https:\/\/www.saloanoticias.com\/v1\/wp-json\/wp\/v2\/media\/26263"}],"wp:attachment":[{"href":"https:\/\/www.saloanoticias.com\/v1\/wp-json\/wp\/v2\/media?parent=26258"}],"wp:term":[{"taxonomy":"category","embeddable":true,"href":"https:\/\/www.saloanoticias.com\/v1\/wp-json\/wp\/v2\/categories?post=26258"},{"taxonomy":"post_tag","embeddable":true,"href":"https:\/\/www.saloanoticias.com\/v1\/wp-json\/wp\/v2\/tags?post=26258"}],"curies":[{"name":"wp","href":"https:\/\/api.w.org\/{rel}","templated":true}]}}