{"id":25908,"date":"2024-07-31T09:07:39","date_gmt":"2024-07-31T12:07:39","guid":{"rendered":"https:\/\/www.saloanoticias.com\/v1\/?p=25908"},"modified":"2024-07-31T14:07:36","modified_gmt":"2024-07-31T17:07:36","slug":"aniversariante-do-dia-vereadora-ana-alves","status":"publish","type":"post","link":"https:\/\/www.saloanoticias.com\/v1\/aniversariante-do-dia-vereadora-ana-alves\/","title":{"rendered":"Aniversariante do dia: Vereadora Ana Alves"},"content":{"rendered":"\n<p>Quem comemora mais um ano de feliz vida nesta quarta-feira, dia 31 de julho de 2024, \u00e9 a Presidente da C\u00e2mara de Salo\u00e1\/PE, Sra. Maria Adriana Florentino Maciel Alves, mais conhecida como Ana Alves (PSDB). Casada e m\u00e3e de dois filhos, a vereadora est\u00e1 na vida p\u00fablica desde muito jovem.<\/p>\n\n\n\n<p>Atualmente, Ana exerce seu quarto mandato no parlamento local e \u00e9 servidora p\u00fablica estadual do Tribunal de Justi\u00e7a de Pernambuco. Fica aqui o registro desta data t\u00e3o importante para ela e, desde j\u00e1, desejamos que Deus lhe conceda muitos anos de vida com paz, sa\u00fade e prosperidade. Este \u00e9 o desejo de todos os seus familiares e amigos.<\/p>\n<div style=\"margin-top: 0px; margin-bottom: 0px;\" class=\"sharethis-inline-share-buttons\" ><\/div>","protected":false},"excerpt":{"rendered":"<p>Quem comemora mais um ano de feliz vida nesta quarta-feira, dia 31 de julho de 2024, \u00e9 a Presidente da C\u00e2mara de Salo\u00e1\/PE, Sra. Maria Adriana Florentino Maciel Alves, mais conhecida como Ana Alves (PSDB). Casada e m\u00e3e de dois filhos, a vereadora est\u00e1 na vida p\u00fablica desde muito jovem. Atualmente, Ana exerce seu quarto [&hellip;]<\/p>\n","protected":false},"author":1,"featured_media":25910,"comment_status":"closed","ping_status":"closed","sticky":false,"template":"","format":"standard","meta":{"footnotes":""},"categories":[21],"tags":[22],"class_list":["post-25908","post","type-post","status-publish","format-standard","has-post-thumbnail","hentry","category-cidade","tag-destaques"],"_links":{"self":[{"href":"https:\/\/www.saloanoticias.com\/v1\/wp-json\/wp\/v2\/posts\/25908","targetHints":{"allow":["GET"]}}],"collection":[{"href":"https:\/\/www.saloanoticias.com\/v1\/wp-json\/wp\/v2\/posts"}],"about":[{"href":"https:\/\/www.saloanoticias.com\/v1\/wp-json\/wp\/v2\/types\/post"}],"author":[{"embeddable":true,"href":"https:\/\/www.saloanoticias.com\/v1\/wp-json\/wp\/v2\/users\/1"}],"replies":[{"embeddable":true,"href":"https:\/\/www.saloanoticias.com\/v1\/wp-json\/wp\/v2\/comments?post=25908"}],"version-history":[{"count":7,"href":"https:\/\/www.saloanoticias.com\/v1\/wp-json\/wp\/v2\/posts\/25908\/revisions"}],"predecessor-version":[{"id":25922,"href":"https:\/\/www.saloanoticias.com\/v1\/wp-json\/wp\/v2\/posts\/25908\/revisions\/25922"}],"wp:featuredmedia":[{"embeddable":true,"href":"https:\/\/www.saloanoticias.com\/v1\/wp-json\/wp\/v2\/media\/25910"}],"wp:attachment":[{"href":"https:\/\/www.saloanoticias.com\/v1\/wp-json\/wp\/v2\/media?parent=25908"}],"wp:term":[{"taxonomy":"category","embeddable":true,"href":"https:\/\/www.saloanoticias.com\/v1\/wp-json\/wp\/v2\/categories?post=25908"},{"taxonomy":"post_tag","embeddable":true,"href":"https:\/\/www.saloanoticias.com\/v1\/wp-json\/wp\/v2\/tags?post=25908"}],"curies":[{"name":"wp","href":"https:\/\/api.w.org\/{rel}","templated":true}]}}