{"id":25888,"date":"2024-07-29T12:51:36","date_gmt":"2024-07-29T15:51:36","guid":{"rendered":"https:\/\/www.saloanoticias.com\/v1\/?p=25888"},"modified":"2024-07-29T16:42:39","modified_gmt":"2024-07-29T19:42:39","slug":"republicanos-apresenta-wellington-e-fernando-costa-como-seu-vice","status":"publish","type":"post","link":"https:\/\/www.saloanoticias.com\/v1\/republicanos-apresenta-wellington-e-fernando-costa-como-seu-vice\/","title":{"rendered":"Republicanos apresenta Wellington Freitas para prefeito e Fernando Costa para vice"},"content":{"rendered":"\n<p>Finalmente acabou o suspense de quem seria o pr\u00e9-candidato a vice-prefeito na chapa de Wellington Freitas do Republicanos. O nome escolhido foi o de Fernando Costa, agricultor do munic\u00edpio residente no s\u00edtio Camaratuba do Catimbau, zona rural da cidade.<\/p>\n\n\n\n<p>Fernando Costa \u00e9 de uma tradicional fam\u00edlia do Munic\u00edpio e vem para somar, segundo correligion\u00e1rios de Freitas, e p\u00f5e um ponto final nas especula\u00e7\u00f5es sobre a escolha do companheiro de chapa de Wellington Freitas.<\/p>\n\n\n<div class=\"wp-block-image\">\n<figure class=\"alignleft size-full is-resized\"><img loading=\"lazy\" decoding=\"async\" width=\"671\" height=\"751\" src=\"https:\/\/www.saloanoticias.com\/v1\/wp-content\/uploads\/2024\/07\/71751df5-8ebb-4af9-9c77-dd09b69daf05.jpeg\" alt=\"\" class=\"wp-image-25893\" style=\"width:180px;height:auto\" srcset=\"https:\/\/www.saloanoticias.com\/v1\/wp-content\/uploads\/2024\/07\/71751df5-8ebb-4af9-9c77-dd09b69daf05.jpeg 671w, https:\/\/www.saloanoticias.com\/v1\/wp-content\/uploads\/2024\/07\/71751df5-8ebb-4af9-9c77-dd09b69daf05-268x300.jpeg 268w\" sizes=\"auto, (max-width: 671px) 100vw, 671px\" \/><\/figure>\n<\/div>\n\n\n<p>A conven\u00e7\u00e3o que homologou a chapa majorit\u00e1ria aconteceu no audit\u00f3rio da Escola S\u00e3o Vicente e contou com a presen\u00e7a de pr\u00e9-candidatos a vereador, apoiadores e correligion\u00e1rios do grupo.<\/p>\n\n\n\n<p>Em seu discurso, o pr\u00e9-candidato Wellington Freitas disse que vem batalhando h\u00e1 oito anos por sua candidatura a prefeito, defendendo o legado do seu pai Jos\u00e9 de Freitas Sobrinho, mais conhecido por Sr. Zequinha da Farm\u00e1cia, e por isso, n\u00e3o abriria m\u00e3o da sua pr\u00e9-candidatura neste momento, como aconteceu em outras oportunidades.<\/p>\n\n\n\n<p>Wellington vem trabalhando no campo da oposi\u00e7\u00e3o h\u00e1 mais de 20 anos e \u00e9 realmente o representante da oposi\u00e7\u00e3o raiz, j\u00e1 que desde os seus pais, vem batendo forte contra as fam\u00edlias que dominam a pol\u00edtica local.<\/p>\n\n\n\n<p>Wellington Freitas defende ainda a tradi\u00e7\u00e3o de seu pai, Zequinha de Freitas, que era da fam\u00edlia Vicente, e que nunca se uniu com fam\u00edlias Birunda e Ricardo.<\/p>\n\n\n\n<p><em>&#8220;Wellington Freitas t\u00e1 aqui de p\u00e9 e depois de 8 anos de luta e perseveran\u00e7a, nunca desisti, eu sempre disse a voc\u00eas que eu n\u00e3o me vendia, eu sou Wellinton Freitas, o filho mais velho de Sr. Zequinha, e terei a minha vit\u00f3ria neste Munic\u00edpio&#8221;, <\/em>completou Freitas em seu discurso.<\/p>\n<div style=\"margin-top: 0px; margin-bottom: 0px;\" class=\"sharethis-inline-share-buttons\" ><\/div>","protected":false},"excerpt":{"rendered":"<p>Finalmente acabou o suspense de quem seria o pr\u00e9-candidato a vice-prefeito na chapa de Wellington Freitas do Republicanos. O nome escolhido foi o de Fernando Costa, agricultor do munic\u00edpio residente no s\u00edtio Camaratuba do Catimbau, zona rural da cidade. Fernando Costa \u00e9 de uma tradicional fam\u00edlia do Munic\u00edpio e vem para somar, segundo correligion\u00e1rios de [&hellip;]<\/p>\n","protected":false},"author":1,"featured_media":25892,"comment_status":"closed","ping_status":"closed","sticky":false,"template":"","format":"standard","meta":{"footnotes":""},"categories":[21],"tags":[22],"class_list":["post-25888","post","type-post","status-publish","format-standard","has-post-thumbnail","hentry","category-cidade","tag-destaques"],"_links":{"self":[{"href":"https:\/\/www.saloanoticias.com\/v1\/wp-json\/wp\/v2\/posts\/25888","targetHints":{"allow":["GET"]}}],"collection":[{"href":"https:\/\/www.saloanoticias.com\/v1\/wp-json\/wp\/v2\/posts"}],"about":[{"href":"https:\/\/www.saloanoticias.com\/v1\/wp-json\/wp\/v2\/types\/post"}],"author":[{"embeddable":true,"href":"https:\/\/www.saloanoticias.com\/v1\/wp-json\/wp\/v2\/users\/1"}],"replies":[{"embeddable":true,"href":"https:\/\/www.saloanoticias.com\/v1\/wp-json\/wp\/v2\/comments?post=25888"}],"version-history":[{"count":8,"href":"https:\/\/www.saloanoticias.com\/v1\/wp-json\/wp\/v2\/posts\/25888\/revisions"}],"predecessor-version":[{"id":25902,"href":"https:\/\/www.saloanoticias.com\/v1\/wp-json\/wp\/v2\/posts\/25888\/revisions\/25902"}],"wp:featuredmedia":[{"embeddable":true,"href":"https:\/\/www.saloanoticias.com\/v1\/wp-json\/wp\/v2\/media\/25892"}],"wp:attachment":[{"href":"https:\/\/www.saloanoticias.com\/v1\/wp-json\/wp\/v2\/media?parent=25888"}],"wp:term":[{"taxonomy":"category","embeddable":true,"href":"https:\/\/www.saloanoticias.com\/v1\/wp-json\/wp\/v2\/categories?post=25888"},{"taxonomy":"post_tag","embeddable":true,"href":"https:\/\/www.saloanoticias.com\/v1\/wp-json\/wp\/v2\/tags?post=25888"}],"curies":[{"name":"wp","href":"https:\/\/api.w.org\/{rel}","templated":true}]}}