{"id":25387,"date":"2024-06-07T10:22:57","date_gmt":"2024-06-07T13:22:57","guid":{"rendered":"https:\/\/www.saloanoticias.com\/v1\/?p=25387"},"modified":"2024-06-07T10:27:49","modified_gmt":"2024-06-07T13:27:49","slug":"25387-2","status":"publish","type":"post","link":"https:\/\/www.saloanoticias.com\/v1\/25387-2\/","title":{"rendered":"Prefeitura vai disponibilizar o Camarote da Acessibilidade durante o S\u00e3o Jo\u00e3o 2024"},"content":{"rendered":"\n<p>A Prefeitura de Salo\u00e1, por meio da Secretaria Assist\u00eancia Social, traz como novidade este ano no \u201cS\u00e3o Jo\u00e3o de Todos os Tempos\u201d, o &#8220;Camarote da Acessibilidade&#8221;, para receber pessoas com defici\u00eancia e seus acompanhantes, sendo mais um passo para garantir a inclus\u00e3o das pessoas com defici\u00eancia nas festividades juninas.<\/p>\n\n\n\n<p>Os interessados poder\u00e3o se inscrever no CREAS \u2013 Centro de Refer\u00eancia Especializado de Assist\u00eancia Social, localizado na Pra\u00e7a Agamenon Magalh\u00e3es. O objetivo do Camarote da Acessibilidade \u00e9 incluir as pessoas com defici\u00eancia por meio de atividades de cultura e lazer, garantindo direitos.<\/p>\n<div style=\"margin-top: 0px; margin-bottom: 0px;\" class=\"sharethis-inline-share-buttons\" ><\/div>","protected":false},"excerpt":{"rendered":"<p>A Prefeitura de Salo\u00e1, por meio da Secretaria Assist\u00eancia Social, traz como novidade este ano no \u201cS\u00e3o Jo\u00e3o de Todos os Tempos\u201d, o &#8220;Camarote da Acessibilidade&#8221;, para receber pessoas com defici\u00eancia e seus acompanhantes, sendo mais um passo para garantir a inclus\u00e3o das pessoas com defici\u00eancia nas festividades juninas. Os interessados poder\u00e3o se inscrever no [&hellip;]<\/p>\n","protected":false},"author":1,"featured_media":25392,"comment_status":"closed","ping_status":"closed","sticky":false,"template":"","format":"standard","meta":{"footnotes":""},"categories":[4],"tags":[22],"class_list":["post-25387","post","type-post","status-publish","format-standard","has-post-thumbnail","hentry","category-eventos","tag-destaques"],"_links":{"self":[{"href":"https:\/\/www.saloanoticias.com\/v1\/wp-json\/wp\/v2\/posts\/25387","targetHints":{"allow":["GET"]}}],"collection":[{"href":"https:\/\/www.saloanoticias.com\/v1\/wp-json\/wp\/v2\/posts"}],"about":[{"href":"https:\/\/www.saloanoticias.com\/v1\/wp-json\/wp\/v2\/types\/post"}],"author":[{"embeddable":true,"href":"https:\/\/www.saloanoticias.com\/v1\/wp-json\/wp\/v2\/users\/1"}],"replies":[{"embeddable":true,"href":"https:\/\/www.saloanoticias.com\/v1\/wp-json\/wp\/v2\/comments?post=25387"}],"version-history":[{"count":4,"href":"https:\/\/www.saloanoticias.com\/v1\/wp-json\/wp\/v2\/posts\/25387\/revisions"}],"predecessor-version":[{"id":25394,"href":"https:\/\/www.saloanoticias.com\/v1\/wp-json\/wp\/v2\/posts\/25387\/revisions\/25394"}],"wp:featuredmedia":[{"embeddable":true,"href":"https:\/\/www.saloanoticias.com\/v1\/wp-json\/wp\/v2\/media\/25392"}],"wp:attachment":[{"href":"https:\/\/www.saloanoticias.com\/v1\/wp-json\/wp\/v2\/media?parent=25387"}],"wp:term":[{"taxonomy":"category","embeddable":true,"href":"https:\/\/www.saloanoticias.com\/v1\/wp-json\/wp\/v2\/categories?post=25387"},{"taxonomy":"post_tag","embeddable":true,"href":"https:\/\/www.saloanoticias.com\/v1\/wp-json\/wp\/v2\/tags?post=25387"}],"curies":[{"name":"wp","href":"https:\/\/api.w.org\/{rel}","templated":true}]}}