{"id":25344,"date":"2024-06-03T22:37:00","date_gmt":"2024-06-04T01:37:00","guid":{"rendered":"https:\/\/www.saloanoticias.com\/v1\/?p=25344"},"modified":"2024-06-04T00:22:11","modified_gmt":"2024-06-04T03:22:11","slug":"juntos-pela-seguranca-pernambuco-tem-reducao-de-116-nos-homicidios-em-maio-no-recife-queda-foi-de-34","status":"publish","type":"post","link":"https:\/\/www.saloanoticias.com\/v1\/juntos-pela-seguranca-pernambuco-tem-reducao-de-116-nos-homicidios-em-maio-no-recife-queda-foi-de-34\/","title":{"rendered":"Pernambuco tem redu\u00e7\u00e3o de 11,6% nos homic\u00eddios em maio. No Recife, queda foi de 34%"},"content":{"rendered":"\n<p>Em reuni\u00e3o do Juntos pela Seguran\u00e7a nesta segunda-feira (3), a governadora Raquel Lyra e sua vice, Priscila Krause, acompanharam os indicadores mais recentes da seguran\u00e7a em Pernambuco, que mostram queda nos n\u00fameros de Mortes Violentas Intencionais (MVI).<\/p>\n\n\n\n<p>A redu\u00e7\u00e3o foi de 11,6% neste indicador no Estado, apontando o \u00faltimo m\u00eas de maio como o melhor de toda a s\u00e9rie hist\u00f3rica do levantamento, iniciada em 2004, com 266 MVIs. Na capital pernambucana, a Secretaria de Defesa Social (SDS) tamb\u00e9m observou redu\u00e7\u00e3o de homic\u00eddios durante o mesmo m\u00eas, sendo o menor resultado dos \u00faltimos cinco anos, com 33 MVIs, n\u00famero 34% menor do que o registrado no mesmo per\u00edodo do ano passado.<\/p>\n\n\n\n<p>A chefe do Executivo estadual acompanhou a reuni\u00e3o do comit\u00ea estrat\u00e9gico de seguran\u00e7a p\u00fablica, que ocorre semanalmente na sede da Secretaria de Planejamento, Gest\u00e3o e Desenvolvimento Regional (Seplag), atrav\u00e9s de videoconfer\u00eancia, por ocasi\u00e3o de agenda em Bras\u00edlia. \u201cN\u00f3s temos trabalhado muito para garantir a redu\u00e7\u00e3o da criminalidade no nosso Estado, com prioridade absoluta na preserva\u00e7\u00e3o das vidas. Todas as for\u00e7as policiais t\u00eam colaborado de maneira direta para alcan\u00e7ar esses resultados.<\/p>\n\n\n\n<p>E reafirmamos o nosso compromisso para continuar investindo na seguran\u00e7a p\u00fablica, na intelig\u00eancia policial e em novos profissionais da \u00e1rea para devolver a Pernambuco a paz que sonhamos. Vamos nos manter em alerta com a Opera\u00e7\u00e3o S\u00e3o Jo\u00e3o para que as pessoas possam brincar com tranquilidade\u201d, ressaltou a governadora Raquel Lyra.<\/p>\n\n\n\n<p>\u201cNossa pol\u00edtica de combate \u00e0 criminalidade, liderada pela governadora Raquel Lyra, j\u00e1 est\u00e1 colhendo resultados significativos e mostrando o compromisso do nosso governo com a seguran\u00e7a do povo pernambucano. Esse \u00e9 um \u00edndice importante para todo o Estado e ainda mais no Recife, onde as Mortes Violentas Intencionais tiveram uma redu\u00e7\u00e3o de 34%, comparado a maio de 2023. A gente n\u00e3o vai parar e seguir com esse trabalho para devolver a paz social que tanto queremos\u201d, disse a vice-governadora Priscila Krause.<\/p>\n\n\n\n<p>O secret\u00e1rio de Defesa Social, Alessandro Carvalho, explicou como tem sido realizado o trabalho das for\u00e7as operativas para chegar a esses resultados. \u201cIntensificamos as opera\u00e7\u00f5es de repress\u00e3o qualificada, que s\u00e3o aquelas que buscam identificar quais s\u00e3o os grupos criminosos que est\u00e3o agindo em uma determinada regi\u00e3o e a sua cadeia de lideran\u00e7a, al\u00e9m de outras opera\u00e7\u00f5es. Ent\u00e3o s\u00e3o a\u00e7\u00f5es como essas, por parte da Pol\u00edcia Civil, e o ajuste do policiamento preventivo pela Pol\u00edcia Militar que v\u00eam possibilitando semanas sucessivas de redu\u00e7\u00e3o nos n\u00fameros de homic\u00eddios e que levaram o Estado a fazer do m\u00eas de maio de 2024 o melhor dos \u00faltimos 20 anos\u201d, explicou o secret\u00e1rio.<\/p>\n\n\n\n<p>No acumulado de janeiro a maio de 2024 tamb\u00e9m houve uma redu\u00e7\u00e3o de 11% nos Crimes Violentos contra o Patrim\u00f4nio (CVPs) em rela\u00e7\u00e3o ao mesmo per\u00edodo de 2023, em todo o Estado. Acompanharam a reuni\u00e3o os secret\u00e1rios de Planejamento, Gest\u00e3o e Desenvolvimento Regional, Fabr\u00edcio Marques; o da Assessoria Especial e Rela\u00e7\u00f5es Internacionais, Fernando Holanda; e o de Administra\u00e7\u00e3o Penitenci\u00e1ria e Ressocializa\u00e7\u00e3o, Paulo Paes.<\/p>\n\n\n\n<p>Participaram tamb\u00e9m o chefe da Pol\u00edcia Civil, delegado Renato Leite; o comandante da Pol\u00edcia Militar de Pernambuco, coronel Ivanildo Torres; o gerente-geral de Pol\u00edcia Cient\u00edfica, Fernando Benevides, e o comandante-geral do Corpo de Bombeiros Militar, coronel Luciano Alves.<\/p>\n<div style=\"margin-top: 0px; margin-bottom: 0px;\" class=\"sharethis-inline-share-buttons\" ><\/div>","protected":false},"excerpt":{"rendered":"<p>Em reuni\u00e3o do Juntos pela Seguran\u00e7a nesta segunda-feira (3), a governadora Raquel Lyra e sua vice, Priscila Krause, acompanharam os indicadores mais recentes da seguran\u00e7a em Pernambuco, que mostram queda nos n\u00fameros de Mortes Violentas Intencionais (MVI). A redu\u00e7\u00e3o foi de 11,6% neste indicador no Estado, apontando o \u00faltimo m\u00eas de maio como o melhor [&hellip;]<\/p>\n","protected":false},"author":1,"featured_media":25345,"comment_status":"closed","ping_status":"closed","sticky":false,"template":"","format":"standard","meta":{"footnotes":""},"categories":[19],"tags":[22],"class_list":["post-25344","post","type-post","status-publish","format-standard","has-post-thumbnail","hentry","category-policial","tag-destaques"],"_links":{"self":[{"href":"https:\/\/www.saloanoticias.com\/v1\/wp-json\/wp\/v2\/posts\/25344","targetHints":{"allow":["GET"]}}],"collection":[{"href":"https:\/\/www.saloanoticias.com\/v1\/wp-json\/wp\/v2\/posts"}],"about":[{"href":"https:\/\/www.saloanoticias.com\/v1\/wp-json\/wp\/v2\/types\/post"}],"author":[{"embeddable":true,"href":"https:\/\/www.saloanoticias.com\/v1\/wp-json\/wp\/v2\/users\/1"}],"replies":[{"embeddable":true,"href":"https:\/\/www.saloanoticias.com\/v1\/wp-json\/wp\/v2\/comments?post=25344"}],"version-history":[{"count":2,"href":"https:\/\/www.saloanoticias.com\/v1\/wp-json\/wp\/v2\/posts\/25344\/revisions"}],"predecessor-version":[{"id":25348,"href":"https:\/\/www.saloanoticias.com\/v1\/wp-json\/wp\/v2\/posts\/25344\/revisions\/25348"}],"wp:featuredmedia":[{"embeddable":true,"href":"https:\/\/www.saloanoticias.com\/v1\/wp-json\/wp\/v2\/media\/25345"}],"wp:attachment":[{"href":"https:\/\/www.saloanoticias.com\/v1\/wp-json\/wp\/v2\/media?parent=25344"}],"wp:term":[{"taxonomy":"category","embeddable":true,"href":"https:\/\/www.saloanoticias.com\/v1\/wp-json\/wp\/v2\/categories?post=25344"},{"taxonomy":"post_tag","embeddable":true,"href":"https:\/\/www.saloanoticias.com\/v1\/wp-json\/wp\/v2\/tags?post=25344"}],"curies":[{"name":"wp","href":"https:\/\/api.w.org\/{rel}","templated":true}]}}