{"id":25325,"date":"2024-06-02T10:58:14","date_gmt":"2024-06-02T13:58:14","guid":{"rendered":"https:\/\/www.saloanoticias.com\/v1\/?p=25325"},"modified":"2024-06-03T09:42:02","modified_gmt":"2024-06-03T12:42:02","slug":"projeto-ventos-do-conhecimento-forma-cidadaos-em-saloa","status":"publish","type":"post","link":"https:\/\/www.saloanoticias.com\/v1\/projeto-ventos-do-conhecimento-forma-cidadaos-em-saloa\/","title":{"rendered":"&#8220;Projeto Ventos do Conhecimento&#8221; forma cidad\u00e3os em Salo\u00e1"},"content":{"rendered":"<div class=\"wp-block-image\">\n<figure class=\"aligncenter size-large\"><img loading=\"lazy\" decoding=\"async\" width=\"1024\" height=\"678\" src=\"https:\/\/www.saloanoticias.com\/v1\/wp-content\/uploads\/2024\/06\/IMG_9460-1024x678.jpeg\" alt=\"\" class=\"wp-image-25330\" srcset=\"https:\/\/www.saloanoticias.com\/v1\/wp-content\/uploads\/2024\/06\/IMG_9460-1024x678.jpeg 1024w, https:\/\/www.saloanoticias.com\/v1\/wp-content\/uploads\/2024\/06\/IMG_9460-300x199.jpeg 300w, https:\/\/www.saloanoticias.com\/v1\/wp-content\/uploads\/2024\/06\/IMG_9460-768x509.jpeg 768w, https:\/\/www.saloanoticias.com\/v1\/wp-content\/uploads\/2024\/06\/IMG_9460-1536x1017.jpeg 1536w, https:\/\/www.saloanoticias.com\/v1\/wp-content\/uploads\/2024\/06\/IMG_9460-2048x1356.jpeg 2048w\" sizes=\"auto, (max-width: 1024px) 100vw, 1024px\" \/><\/figure>\n<\/div>\n\n\n<p>No dia 28 abril de 2024, a empresa E\u00f3lica Serra das Vacas promoveu o evento de formatura da turma do projeto &#8220;Ventos do Conhecimento&#8221; em Salo\u00e1\/PE. Estiveram presentes na solenidade o prefeito J\u00fanior de Rivaldo, o vice-prefeito Ronaldinho Birunda, o Sr. Vladimir, representando a empresa E\u00f3lica Serra das Vacas, a presidente da C\u00e2mara de Vereadores, Ana Alves, juntamente com os vereadores Jamel\u00e3o e Paulo da \u00c1gua.<\/p>\n\n\n<div class=\"wp-block-image\">\n<figure class=\"aligncenter size-large\"><img loading=\"lazy\" decoding=\"async\" width=\"1024\" height=\"678\" src=\"https:\/\/www.saloanoticias.com\/v1\/wp-content\/uploads\/2024\/06\/IMG_9464-1-1024x678.jpeg\" alt=\"\" class=\"wp-image-25339\" srcset=\"https:\/\/www.saloanoticias.com\/v1\/wp-content\/uploads\/2024\/06\/IMG_9464-1-1024x678.jpeg 1024w, https:\/\/www.saloanoticias.com\/v1\/wp-content\/uploads\/2024\/06\/IMG_9464-1-300x199.jpeg 300w, https:\/\/www.saloanoticias.com\/v1\/wp-content\/uploads\/2024\/06\/IMG_9464-1-768x509.jpeg 768w, https:\/\/www.saloanoticias.com\/v1\/wp-content\/uploads\/2024\/06\/IMG_9464-1-1536x1017.jpeg 1536w, https:\/\/www.saloanoticias.com\/v1\/wp-content\/uploads\/2024\/06\/IMG_9464-1-2048x1356.jpeg 2048w\" sizes=\"auto, (max-width: 1024px) 100vw, 1024px\" \/><\/figure>\n<\/div>\n\n\n<p>25 alunos receberam o certificado de conclus\u00e3o dos cursos, os quais estudaram no\u00e7\u00f5es de Meio Ambiente, Empreendedorismo, Educa\u00e7\u00e3o Financeira, Nutri\u00e7\u00e3o e Educa\u00e7\u00e3o em Portugu\u00eas e Matem\u00e1tica B\u00e1sica.<br><br>Um grande ganho para o Munic\u00edpio, que foi contemplado por estes cursos gra\u00e7as ao empenho do Gestor Municipal que apoiou tais projetos com \u00eanfase na educa\u00e7\u00e3o. Parab\u00e9ns a todos os alunos e a empresa que promoveu esse importante trabalho em Salo\u00e1.<\/p>\n\n\n\n<figure class=\"wp-block-image size-large\"><img loading=\"lazy\" decoding=\"async\" width=\"1024\" height=\"678\" src=\"https:\/\/www.saloanoticias.com\/v1\/wp-content\/uploads\/2024\/06\/IMG_9467-1024x678.jpeg\" alt=\"\" class=\"wp-image-25340\" srcset=\"https:\/\/www.saloanoticias.com\/v1\/wp-content\/uploads\/2024\/06\/IMG_9467-1024x678.jpeg 1024w, https:\/\/www.saloanoticias.com\/v1\/wp-content\/uploads\/2024\/06\/IMG_9467-300x199.jpeg 300w, https:\/\/www.saloanoticias.com\/v1\/wp-content\/uploads\/2024\/06\/IMG_9467-768x509.jpeg 768w, https:\/\/www.saloanoticias.com\/v1\/wp-content\/uploads\/2024\/06\/IMG_9467-1536x1017.jpeg 1536w, https:\/\/www.saloanoticias.com\/v1\/wp-content\/uploads\/2024\/06\/IMG_9467-2048x1356.jpeg 2048w\" sizes=\"auto, (max-width: 1024px) 100vw, 1024px\" \/><\/figure>\n<div style=\"margin-top: 0px; margin-bottom: 0px;\" class=\"sharethis-inline-share-buttons\" ><\/div>","protected":false},"excerpt":{"rendered":"<p>No dia 28 abril de 2024, a empresa E\u00f3lica Serra das Vacas promoveu o evento de formatura da turma do projeto &#8220;Ventos do Conhecimento&#8221; em Salo\u00e1\/PE. Estiveram presentes na solenidade o prefeito J\u00fanior de Rivaldo, o vice-prefeito Ronaldinho Birunda, o Sr. Vladimir, representando a empresa E\u00f3lica Serra das Vacas, a presidente da C\u00e2mara de Vereadores, [&hellip;]<\/p>\n","protected":false},"author":1,"featured_media":25328,"comment_status":"closed","ping_status":"closed","sticky":false,"template":"","format":"standard","meta":{"footnotes":""},"categories":[17],"tags":[22],"class_list":["post-25325","post","type-post","status-publish","format-standard","has-post-thumbnail","hentry","category-educacao","tag-destaques"],"_links":{"self":[{"href":"https:\/\/www.saloanoticias.com\/v1\/wp-json\/wp\/v2\/posts\/25325","targetHints":{"allow":["GET"]}}],"collection":[{"href":"https:\/\/www.saloanoticias.com\/v1\/wp-json\/wp\/v2\/posts"}],"about":[{"href":"https:\/\/www.saloanoticias.com\/v1\/wp-json\/wp\/v2\/types\/post"}],"author":[{"embeddable":true,"href":"https:\/\/www.saloanoticias.com\/v1\/wp-json\/wp\/v2\/users\/1"}],"replies":[{"embeddable":true,"href":"https:\/\/www.saloanoticias.com\/v1\/wp-json\/wp\/v2\/comments?post=25325"}],"version-history":[{"count":8,"href":"https:\/\/www.saloanoticias.com\/v1\/wp-json\/wp\/v2\/posts\/25325\/revisions"}],"predecessor-version":[{"id":25343,"href":"https:\/\/www.saloanoticias.com\/v1\/wp-json\/wp\/v2\/posts\/25325\/revisions\/25343"}],"wp:featuredmedia":[{"embeddable":true,"href":"https:\/\/www.saloanoticias.com\/v1\/wp-json\/wp\/v2\/media\/25328"}],"wp:attachment":[{"href":"https:\/\/www.saloanoticias.com\/v1\/wp-json\/wp\/v2\/media?parent=25325"}],"wp:term":[{"taxonomy":"category","embeddable":true,"href":"https:\/\/www.saloanoticias.com\/v1\/wp-json\/wp\/v2\/categories?post=25325"},{"taxonomy":"post_tag","embeddable":true,"href":"https:\/\/www.saloanoticias.com\/v1\/wp-json\/wp\/v2\/tags?post=25325"}],"curies":[{"name":"wp","href":"https:\/\/api.w.org\/{rel}","templated":true}]}}