{"id":25319,"date":"2024-06-01T09:16:38","date_gmt":"2024-06-01T12:16:38","guid":{"rendered":"https:\/\/www.saloanoticias.com\/v1\/?p=25319"},"modified":"2024-06-01T11:27:01","modified_gmt":"2024-06-01T14:27:01","slug":"prefeitura-de-saloa-pe-divulgou-a-programacao-oficial-do-sao-joao-2024","status":"publish","type":"post","link":"https:\/\/www.saloanoticias.com\/v1\/prefeitura-de-saloa-pe-divulgou-a-programacao-oficial-do-sao-joao-2024\/","title":{"rendered":"Prefeitura de Salo\u00e1\/PE divulgou a programa\u00e7\u00e3o oficial do S\u00e3o Jo\u00e3o 2024"},"content":{"rendered":"\n<p>Saiu a programa\u00e7\u00e3o oficial do S\u00e3o Jo\u00e3o de Salo\u00e1\/PE deste ano de 2024. As festividades juninas acontecer\u00e3o entre os dias 9 de junho a 12 de julho na pra\u00e7a Agamenon Magalh\u00e3es no centro, em frente ao Banco do Brasil.<\/p>\n\n\n\n<p>Entre as principais atra\u00e7\u00f5es est\u00e3o Xandy Avi\u00e3o, Felipe Amorim e Ful\u00f4 de Mandacaru. Ser\u00e3o quatro datas que est\u00e3o listadas logo abaixo. A novidade deste ano, \u00e9 a volta do &#8220;Forrozando na Vila de Iatec\u00e1&#8221; que acontecer\u00e1 no dia 27\/06 na pra\u00e7a central da comunidade, al\u00e9m de programa\u00e7\u00f5es art\u00edsticas e culturais na Serrinha da Prata e V\u00e1rzea da Serra. O homenageado da festa ser\u00e1 o saudoso vereador Tisley Vicente Silva.<\/p>\n\n\n\n<p class=\"has-text-align-center\"><strong>Confira abaixo a programa\u00e7\u00e3o:<\/strong><\/p>\n\n\n\n<p class=\"has-text-align-center\"><strong>Dia 09\/06 \ud83d\udcc6<\/strong><\/p>\n\n\n\n<p class=\"has-text-align-center\">Mailson Vaqueiro&nbsp;<\/p>\n\n\n\n<p class=\"has-text-align-center\">Renan Cruz&nbsp;<\/p>\n\n\n\n<p class=\"has-text-align-center\"><strong>Felipe Amorim&nbsp;<\/strong><\/p>\n\n\n\n<p class=\"has-text-align-center\"><strong>Dia 19\/06\ud83d\udcc6<\/strong><\/p>\n\n\n\n<p class=\"has-text-align-center\">Maciel Cur\u00e9&nbsp;<\/p>\n\n\n\n<p class=\"has-text-align-center\"><strong>Ful\u00f4 de Mandacaru<\/strong>&nbsp;<\/p>\n\n\n\n<p class=\"has-text-align-center\"><strong>Dia 27\/06 \ud83d\udcc6<\/strong><\/p>\n\n\n\n<p class=\"has-text-align-center\">Banda Classe A<\/p>\n\n\n\n<p class=\"has-text-align-center\">Churu Moral<\/p>\n\n\n\n<p class=\"has-text-align-center\"><strong>Colo de Menina<\/strong><\/p>\n\n\n\n<p class=\"has-text-align-center\"><strong>Dia 12\/07\ud83d\udcc6<\/strong><\/p>\n\n\n\n<p class=\"has-text-align-center\">M\u00f4nica Almeida&nbsp;<\/p>\n\n\n\n<p class=\"has-text-align-center\">Natanzinho Lima<\/p>\n\n\n\n<p class=\"has-text-align-center\"><strong>Xand Avi\u00e3o.<\/strong><\/p>\n<div style=\"margin-top: 0px; margin-bottom: 0px;\" class=\"sharethis-inline-share-buttons\" ><\/div>","protected":false},"excerpt":{"rendered":"<p>Saiu a programa\u00e7\u00e3o oficial do S\u00e3o Jo\u00e3o de Salo\u00e1\/PE deste ano de 2024. As festividades juninas acontecer\u00e3o entre os dias 9 de junho a 12 de julho na pra\u00e7a Agamenon Magalh\u00e3es no centro, em frente ao Banco do Brasil. Entre as principais atra\u00e7\u00f5es est\u00e3o Xandy Avi\u00e3o, Felipe Amorim e Ful\u00f4 de Mandacaru. Ser\u00e3o quatro datas [&hellip;]<\/p>\n","protected":false},"author":1,"featured_media":25320,"comment_status":"closed","ping_status":"closed","sticky":false,"template":"","format":"standard","meta":{"footnotes":""},"categories":[4,2],"tags":[22],"class_list":["post-25319","post","type-post","status-publish","format-standard","has-post-thumbnail","hentry","category-eventos","category-noticias-do-dia","tag-destaques"],"_links":{"self":[{"href":"https:\/\/www.saloanoticias.com\/v1\/wp-json\/wp\/v2\/posts\/25319","targetHints":{"allow":["GET"]}}],"collection":[{"href":"https:\/\/www.saloanoticias.com\/v1\/wp-json\/wp\/v2\/posts"}],"about":[{"href":"https:\/\/www.saloanoticias.com\/v1\/wp-json\/wp\/v2\/types\/post"}],"author":[{"embeddable":true,"href":"https:\/\/www.saloanoticias.com\/v1\/wp-json\/wp\/v2\/users\/1"}],"replies":[{"embeddable":true,"href":"https:\/\/www.saloanoticias.com\/v1\/wp-json\/wp\/v2\/comments?post=25319"}],"version-history":[{"count":3,"href":"https:\/\/www.saloanoticias.com\/v1\/wp-json\/wp\/v2\/posts\/25319\/revisions"}],"predecessor-version":[{"id":25324,"href":"https:\/\/www.saloanoticias.com\/v1\/wp-json\/wp\/v2\/posts\/25319\/revisions\/25324"}],"wp:featuredmedia":[{"embeddable":true,"href":"https:\/\/www.saloanoticias.com\/v1\/wp-json\/wp\/v2\/media\/25320"}],"wp:attachment":[{"href":"https:\/\/www.saloanoticias.com\/v1\/wp-json\/wp\/v2\/media?parent=25319"}],"wp:term":[{"taxonomy":"category","embeddable":true,"href":"https:\/\/www.saloanoticias.com\/v1\/wp-json\/wp\/v2\/categories?post=25319"},{"taxonomy":"post_tag","embeddable":true,"href":"https:\/\/www.saloanoticias.com\/v1\/wp-json\/wp\/v2\/tags?post=25319"}],"curies":[{"name":"wp","href":"https:\/\/api.w.org\/{rel}","templated":true}]}}