{"id":25286,"date":"2024-05-29T07:30:05","date_gmt":"2024-05-29T10:30:05","guid":{"rendered":"https:\/\/www.saloanoticias.com\/v1\/?p=25286"},"modified":"2024-05-30T12:48:39","modified_gmt":"2024-05-30T15:48:39","slug":"prefeitura-de-saloa-comemora-dia-do-gari-com-um-jantar-na-escola-sao-vicente","status":"publish","type":"post","link":"https:\/\/www.saloanoticias.com\/v1\/prefeitura-de-saloa-comemora-dia-do-gari-com-um-jantar-na-escola-sao-vicente\/","title":{"rendered":"Prefeitura de Salo\u00e1 comemorou o &#8220;Dia do Gari&#8221; com um jantar na escola S\u00e3o Vicente"},"content":{"rendered":"\n<p>A Prefeitura Municipal de Salo\u00e1\/PE, atrav\u00e9s da Secretaria Municipal de Obras e Servi\u00e7os P\u00fablicos, realizou na \u00faltima sexta-feira, dia 24 de maio de 2024, um importante evento em comemora\u00e7\u00e3o ao Dia do Gari, que reuniu dezenas de profissionais no audit\u00f3rio da escola municipal S\u00e3o Vicente.<\/p>\n\n\n<div class=\"wp-block-image\">\n<figure class=\"aligncenter size-large\"><img loading=\"lazy\" decoding=\"async\" width=\"768\" height=\"1024\" src=\"https:\/\/www.saloanoticias.com\/v1\/wp-content\/uploads\/2024\/05\/65a3c1e1-f2f6-4376-a312-4f16a68f6df0-768x1024.jpeg\" alt=\"\" class=\"wp-image-25293\" srcset=\"https:\/\/www.saloanoticias.com\/v1\/wp-content\/uploads\/2024\/05\/65a3c1e1-f2f6-4376-a312-4f16a68f6df0-768x1024.jpeg 768w, https:\/\/www.saloanoticias.com\/v1\/wp-content\/uploads\/2024\/05\/65a3c1e1-f2f6-4376-a312-4f16a68f6df0-225x300.jpeg 225w, https:\/\/www.saloanoticias.com\/v1\/wp-content\/uploads\/2024\/05\/65a3c1e1-f2f6-4376-a312-4f16a68f6df0-1152x1536.jpeg 1152w, https:\/\/www.saloanoticias.com\/v1\/wp-content\/uploads\/2024\/05\/65a3c1e1-f2f6-4376-a312-4f16a68f6df0-1536x2048.jpeg 1536w, https:\/\/www.saloanoticias.com\/v1\/wp-content\/uploads\/2024\/05\/65a3c1e1-f2f6-4376-a312-4f16a68f6df0-scaled.jpeg 1920w\" sizes=\"auto, (max-width: 768px) 100vw, 768px\" \/><\/figure>\n<\/div>\n\n\n<p>A festa dos Garis contou com a presen\u00e7a do prefeito J\u00fanior de Rivaldo, do vice Ronaldinho, vereadores e secret\u00e1rios municipais, al\u00e9m dos garis e seus familiares, os quais foram presenteados com brindes e no final um delicioso jantar especialmente preparada para eles.<\/p>\n\n\n<div class=\"wp-block-image\">\n<figure class=\"aligncenter size-large\"><img loading=\"lazy\" decoding=\"async\" width=\"1024\" height=\"768\" src=\"https:\/\/www.saloanoticias.com\/v1\/wp-content\/uploads\/2024\/05\/fc25bc35-5042-4ada-b2e3-2643c0facc6a-1024x768.jpeg\" alt=\"\" class=\"wp-image-25295\" srcset=\"https:\/\/www.saloanoticias.com\/v1\/wp-content\/uploads\/2024\/05\/fc25bc35-5042-4ada-b2e3-2643c0facc6a-1024x768.jpeg 1024w, https:\/\/www.saloanoticias.com\/v1\/wp-content\/uploads\/2024\/05\/fc25bc35-5042-4ada-b2e3-2643c0facc6a-300x225.jpeg 300w, https:\/\/www.saloanoticias.com\/v1\/wp-content\/uploads\/2024\/05\/fc25bc35-5042-4ada-b2e3-2643c0facc6a-768x576.jpeg 768w, https:\/\/www.saloanoticias.com\/v1\/wp-content\/uploads\/2024\/05\/fc25bc35-5042-4ada-b2e3-2643c0facc6a-1536x1152.jpeg 1536w, https:\/\/www.saloanoticias.com\/v1\/wp-content\/uploads\/2024\/05\/fc25bc35-5042-4ada-b2e3-2643c0facc6a-2048x1536.jpeg 2048w\" sizes=\"auto, (max-width: 1024px) 100vw, 1024px\" \/><\/figure>\n<\/div>\n\n\n<p>O secret\u00e1rio Adriano Vieira (Vieirinha), que tem a responsabilidade de comandar esses servidores na limpeza urbana, destacou a import\u00e2ncia dos garis para a cidade e agradeceu ao prefeito J\u00fanior pela aten\u00e7\u00e3o e promo\u00e7\u00e3o da festa.<\/p>\n\n\n<div class=\"wp-block-image\">\n<figure class=\"aligncenter size-large is-resized\"><img loading=\"lazy\" decoding=\"async\" width=\"1024\" height=\"768\" src=\"https:\/\/www.saloanoticias.com\/v1\/wp-content\/uploads\/2024\/05\/8985f874-3576-4fdd-95a6-1dcc2c03762f-1024x768.jpeg\" alt=\"\" class=\"wp-image-25296\" style=\"width:919px;height:auto\" srcset=\"https:\/\/www.saloanoticias.com\/v1\/wp-content\/uploads\/2024\/05\/8985f874-3576-4fdd-95a6-1dcc2c03762f-1024x768.jpeg 1024w, https:\/\/www.saloanoticias.com\/v1\/wp-content\/uploads\/2024\/05\/8985f874-3576-4fdd-95a6-1dcc2c03762f-300x225.jpeg 300w, https:\/\/www.saloanoticias.com\/v1\/wp-content\/uploads\/2024\/05\/8985f874-3576-4fdd-95a6-1dcc2c03762f-768x576.jpeg 768w, https:\/\/www.saloanoticias.com\/v1\/wp-content\/uploads\/2024\/05\/8985f874-3576-4fdd-95a6-1dcc2c03762f-1536x1152.jpeg 1536w, https:\/\/www.saloanoticias.com\/v1\/wp-content\/uploads\/2024\/05\/8985f874-3576-4fdd-95a6-1dcc2c03762f-2048x1536.jpeg 2048w\" sizes=\"auto, (max-width: 1024px) 100vw, 1024px\" \/><\/figure>\n<\/div>\n\n\n<p>J\u00e1 o prefeito, destacou que a festa n\u00e3o foi apenas para lembrar a data, mas tamb\u00e9m para valorizar e dignificar esses profissionais t\u00e3o importantes para a cidade, enfatizando que os garis desempenham um importante papel para a sociedade, pois, al\u00e9m de deixarem a cidade limpa e organizada, contribuem para o embelezamento dos logradouros p\u00fablicos e qualidade de vida da popula\u00e7\u00e3o.<\/p>\n\n\n<div class=\"wp-block-image\">\n<figure class=\"aligncenter size-large\"><img loading=\"lazy\" decoding=\"async\" width=\"768\" height=\"1024\" src=\"https:\/\/www.saloanoticias.com\/v1\/wp-content\/uploads\/2024\/05\/dd1c4c96-0248-4724-a654-66ab8a070478-768x1024.jpeg\" alt=\"\" class=\"wp-image-25297\" srcset=\"https:\/\/www.saloanoticias.com\/v1\/wp-content\/uploads\/2024\/05\/dd1c4c96-0248-4724-a654-66ab8a070478-768x1024.jpeg 768w, https:\/\/www.saloanoticias.com\/v1\/wp-content\/uploads\/2024\/05\/dd1c4c96-0248-4724-a654-66ab8a070478-225x300.jpeg 225w, https:\/\/www.saloanoticias.com\/v1\/wp-content\/uploads\/2024\/05\/dd1c4c96-0248-4724-a654-66ab8a070478-1152x1536.jpeg 1152w, https:\/\/www.saloanoticias.com\/v1\/wp-content\/uploads\/2024\/05\/dd1c4c96-0248-4724-a654-66ab8a070478-1536x2048.jpeg 1536w, https:\/\/www.saloanoticias.com\/v1\/wp-content\/uploads\/2024\/05\/dd1c4c96-0248-4724-a654-66ab8a070478-scaled.jpeg 1920w\" sizes=\"auto, (max-width: 768px) 100vw, 768px\" \/><\/figure>\n<\/div>\n\n\n<p>Essa foi a primeira vez que se comemorou o dia do gari com um evento com essa envergadura, e todos os que estavam presentes ficaram felizes e satisfeitos com a estrutura da festa. A anima\u00e7\u00e3o desta confraterniza\u00e7\u00e3o ficou por conta de Wellington do Teclado e Pepinha do Acordeom.<\/p>\n\n\n<div class=\"wp-block-image\">\n<figure class=\"aligncenter size-large\"><img loading=\"lazy\" decoding=\"async\" width=\"768\" height=\"1024\" src=\"https:\/\/www.saloanoticias.com\/v1\/wp-content\/uploads\/2024\/05\/7c8e47b4-723b-492f-bf28-1a5749b29c57-768x1024.jpeg\" alt=\"\" class=\"wp-image-25298\" srcset=\"https:\/\/www.saloanoticias.com\/v1\/wp-content\/uploads\/2024\/05\/7c8e47b4-723b-492f-bf28-1a5749b29c57-768x1024.jpeg 768w, https:\/\/www.saloanoticias.com\/v1\/wp-content\/uploads\/2024\/05\/7c8e47b4-723b-492f-bf28-1a5749b29c57-225x300.jpeg 225w, https:\/\/www.saloanoticias.com\/v1\/wp-content\/uploads\/2024\/05\/7c8e47b4-723b-492f-bf28-1a5749b29c57-1152x1536.jpeg 1152w, https:\/\/www.saloanoticias.com\/v1\/wp-content\/uploads\/2024\/05\/7c8e47b4-723b-492f-bf28-1a5749b29c57-1536x2048.jpeg 1536w, https:\/\/www.saloanoticias.com\/v1\/wp-content\/uploads\/2024\/05\/7c8e47b4-723b-492f-bf28-1a5749b29c57-scaled.jpeg 1920w\" sizes=\"auto, (max-width: 768px) 100vw, 768px\" \/><\/figure>\n<\/div><div style=\"margin-top: 0px; margin-bottom: 0px;\" class=\"sharethis-inline-share-buttons\" ><\/div>","protected":false},"excerpt":{"rendered":"<p>A Prefeitura Municipal de Salo\u00e1\/PE, atrav\u00e9s da Secretaria Municipal de Obras e Servi\u00e7os P\u00fablicos, realizou na \u00faltima sexta-feira, dia 24 de maio de 2024, um importante evento em comemora\u00e7\u00e3o ao Dia do Gari, que reuniu dezenas de profissionais no audit\u00f3rio da escola municipal S\u00e3o Vicente. A festa dos Garis contou com a presen\u00e7a do prefeito [&hellip;]<\/p>\n","protected":false},"author":1,"featured_media":25292,"comment_status":"closed","ping_status":"closed","sticky":false,"template":"","format":"standard","meta":{"footnotes":""},"categories":[21],"tags":[22],"class_list":["post-25286","post","type-post","status-publish","format-standard","has-post-thumbnail","hentry","category-cidade","tag-destaques"],"_links":{"self":[{"href":"https:\/\/www.saloanoticias.com\/v1\/wp-json\/wp\/v2\/posts\/25286","targetHints":{"allow":["GET"]}}],"collection":[{"href":"https:\/\/www.saloanoticias.com\/v1\/wp-json\/wp\/v2\/posts"}],"about":[{"href":"https:\/\/www.saloanoticias.com\/v1\/wp-json\/wp\/v2\/types\/post"}],"author":[{"embeddable":true,"href":"https:\/\/www.saloanoticias.com\/v1\/wp-json\/wp\/v2\/users\/1"}],"replies":[{"embeddable":true,"href":"https:\/\/www.saloanoticias.com\/v1\/wp-json\/wp\/v2\/comments?post=25286"}],"version-history":[{"count":10,"href":"https:\/\/www.saloanoticias.com\/v1\/wp-json\/wp\/v2\/posts\/25286\/revisions"}],"predecessor-version":[{"id":25318,"href":"https:\/\/www.saloanoticias.com\/v1\/wp-json\/wp\/v2\/posts\/25286\/revisions\/25318"}],"wp:featuredmedia":[{"embeddable":true,"href":"https:\/\/www.saloanoticias.com\/v1\/wp-json\/wp\/v2\/media\/25292"}],"wp:attachment":[{"href":"https:\/\/www.saloanoticias.com\/v1\/wp-json\/wp\/v2\/media?parent=25286"}],"wp:term":[{"taxonomy":"category","embeddable":true,"href":"https:\/\/www.saloanoticias.com\/v1\/wp-json\/wp\/v2\/categories?post=25286"},{"taxonomy":"post_tag","embeddable":true,"href":"https:\/\/www.saloanoticias.com\/v1\/wp-json\/wp\/v2\/tags?post=25286"}],"curies":[{"name":"wp","href":"https:\/\/api.w.org\/{rel}","templated":true}]}}