{"id":2525,"date":"2016-03-10T11:00:00","date_gmt":"2016-03-10T11:00:00","guid":{"rendered":"https:\/\/saloanoticias.mrmediaweb.com\/v1\/2016\/03\/10\/11-trilha-da-cachoeira-acontece-no-proximo-domingo\/"},"modified":"2016-03-10T11:00:00","modified_gmt":"2016-03-10T11:00:00","slug":"11-trilha-da-cachoeira-acontece-no-proximo-domingo","status":"publish","type":"post","link":"https:\/\/www.saloanoticias.com\/v1\/11-trilha-da-cachoeira-acontece-no-proximo-domingo\/","title":{"rendered":"\u201c11\u00aa TRILHA DA CACHOEIRA\u201d ACONTECE NO PR\u00d3XIMO DOMINGO, 13 DE MAR\u00c7O"},"content":{"rendered":"<p align=\"justify\"><font size=\"3\" face=\"Arial\"><a href=\"http:\/\/www.saloanoticias.com\/images\/11-trilha-da-cachoeira_c32dca4019ef7e973e29254fa8513e4e.jpg\"><img loading=\"lazy\" decoding=\"async\" title=\"11&ordf; Trilha da Cachoeira\" style=\"border-left-width: 0px; border-right-width: 0px; background-image: none; border-bottom-width: 0px; float: none; padding-top: 0px; padding-left: 0px; margin: 0px auto 10px; display: block; padding-right: 0px; border-top-width: 0px\" border=\"0\" alt=\"11&ordf; Trilha da Cachoeira\" src=\"http:\/\/www.saloanoticias.com\/v1\/wp-content\/uploads\/imagens\/11-trilha-da-cachoeira_thumb_3c32bfa3720a54464a8ae2b80594d6c3.jpg\" width=\"1585\" height=\"1049\"><\/a>Acontecer\u00e1 no pr\u00f3ximo domingo, dia 13 de mar\u00e7o de 2016, a 11\u00aa Ed<\/font><font size=\"3\" face=\"Arial\">i\u00e7\u00e3o da \u201cTrilha da Cachoeira\u201d em Salo\u00e1\/PE. O evento \u00e9 realizado todos os anos no m\u00eas de mar\u00e7o e re\u00fane centenas de trilheiros vindos dos quatro cantos do nordeste. Este ano os organizadores da festa prometem muitas novidades na estrutura com novas rotas e obst\u00e1culos. Al\u00e9m da trilha haver\u00e1 uma grande disputa de som automotivo no 5\u00ba Encontro de Pared\u00f5es que acontece sempre na parte da tarde.<\/font>  <\/p>\n<p align=\"justify\"><font size=\"3\" face=\"Arial\">Este ano o encontro de som ser\u00e1 realizado no campo de futebol, Queiroz\u00e3o, localizado na entrada de Salo\u00e1, a partir das 14:00h. <\/font><font size=\"3\" face=\"Arial\">A realiza\u00e7\u00e3o do evento \u00e9 da <strong>\u201cTrilha Clube Radicais da Cachoeira\u201d<\/strong> que homenagear\u00e1 <strong>\u201cJo\u00e3o de Mirtes\u201d<\/strong> falecido h\u00e1 poucos meses em um acidente de moto. Como sempre acontece, o apoio cultural do evento \u00e9 da Prefeitura Municipal de Salo\u00e1\/PE. A Trilha da Cachoeira est\u00e1 marcada para ter in\u00edcio a partir das 10:00h da manh\u00e3 com a ben\u00e7\u00e3o dada pelo padre Everaldo, na frente da igreja matriz de S\u00e3o Vicente de Paulo.<\/font><\/p>\n<div style=\"margin-top: 0px; margin-bottom: 0px;\" class=\"sharethis-inline-share-buttons\" ><\/div>","protected":false},"excerpt":{"rendered":"<p>Acontecer\u00e1 no pr\u00f3ximo domingo, dia 13 de mar\u00e7o de 2016, a 11\u00aa Edi\u00e7\u00e3o da \u201cTrilha da Cachoeira\u201d em Salo\u00e1\/PE. O evento \u00e9 realizado todos os anos no m\u00eas de mar\u00e7o e re\u00fane centenas de trilheiros vindos dos quatro cantos do nordeste. Este ano os organizadores da festa prometem muitas novidades na estrutura com novas rotas [&hellip;]<\/p>\n","protected":false},"author":1,"featured_media":0,"comment_status":"open","ping_status":"open","sticky":false,"template":"","format":"standard","meta":{"footnotes":""},"categories":[2],"tags":[],"class_list":["post-2525","post","type-post","status-publish","format-standard","hentry","category-noticias-do-dia"],"_links":{"self":[{"href":"https:\/\/www.saloanoticias.com\/v1\/wp-json\/wp\/v2\/posts\/2525","targetHints":{"allow":["GET"]}}],"collection":[{"href":"https:\/\/www.saloanoticias.com\/v1\/wp-json\/wp\/v2\/posts"}],"about":[{"href":"https:\/\/www.saloanoticias.com\/v1\/wp-json\/wp\/v2\/types\/post"}],"author":[{"embeddable":true,"href":"https:\/\/www.saloanoticias.com\/v1\/wp-json\/wp\/v2\/users\/1"}],"replies":[{"embeddable":true,"href":"https:\/\/www.saloanoticias.com\/v1\/wp-json\/wp\/v2\/comments?post=2525"}],"version-history":[{"count":0,"href":"https:\/\/www.saloanoticias.com\/v1\/wp-json\/wp\/v2\/posts\/2525\/revisions"}],"wp:attachment":[{"href":"https:\/\/www.saloanoticias.com\/v1\/wp-json\/wp\/v2\/media?parent=2525"}],"wp:term":[{"taxonomy":"category","embeddable":true,"href":"https:\/\/www.saloanoticias.com\/v1\/wp-json\/wp\/v2\/categories?post=2525"},{"taxonomy":"post_tag","embeddable":true,"href":"https:\/\/www.saloanoticias.com\/v1\/wp-json\/wp\/v2\/tags?post=2525"}],"curies":[{"name":"wp","href":"https:\/\/api.w.org\/{rel}","templated":true}]}}