{"id":2523,"date":"2016-03-09T17:30:00","date_gmt":"2016-03-09T17:30:00","guid":{"rendered":"https:\/\/saloanoticias.mrmediaweb.com\/v1\/2016\/03\/09\/secretaria-de-educacao-realiza-acoes-no-dia-internacional-da-mulher\/"},"modified":"2016-03-09T17:30:00","modified_gmt":"2016-03-09T17:30:00","slug":"secretaria-de-educacao-realiza-acoes-no-dia-internacional-da-mulher","status":"publish","type":"post","link":"https:\/\/www.saloanoticias.com\/v1\/secretaria-de-educacao-realiza-acoes-no-dia-internacional-da-mulher\/","title":{"rendered":"SECRETARIA DE EDUCA\u00c7\u00c3O REALIZA A\u00c7\u00d5ES NO DIA INTERNACIONAL DA MULHER"},"content":{"rendered":"<p align=\"justify\"><font size=\"3\" face=\"Arial\"><a href=\"http:\/\/www.saloanoticias.com\/images\/secretaria-de-educao-de-salo.jpg\"><img loading=\"lazy\" decoding=\"async\" title=\"Secretaria de Educa&ccedil;&atilde;o de Salo&aacute;\" style=\"border-left-width: 0px; border-right-width: 0px; background-image: none; border-bottom-width: 0px; float: none; padding-top: 0px; padding-left: 0px; margin: 0px auto 10px; display: block; padding-right: 0px; border-top-width: 0px\" border=\"0\" alt=\"Secretaria de Educa&ccedil;&atilde;o de Salo&aacute;\" src=\"http:\/\/www.saloanoticias.com\/v1\/wp-content\/uploads\/imagens\/secretaria-de-educao-de-salo_thumb.jpg\" width=\"1433\" height=\"807\"><\/a>A Secretaria de Educa\u00e7\u00e3o do Munic\u00edpio de Salo\u00e1\/PE realizou na manh\u00e3 desta ter\u00e7a-feira (8\/3) v\u00e1rias a\u00e7\u00f5es junto \u00e0 comunidade em alus\u00e3o ao \u201cDia Internacional da Mulher\u201d, com temas voltados \u00e0 popula\u00e7\u00e3o feminina, distribuindo brindes e flores \u00e0s mulheres presentes. Na nova Creche Zulmira Alves as m\u00e3es ouviram uma importante palestra com um tema bastante interessante e ainda receberam o carinho do Secret\u00e1rio Deangelles Florentino e sua equipe, que fizeram quest\u00e3o de homenagear as mam\u00e3es neste momento t\u00e3o especial.<\/font><\/p>\n<p align=\"justify\"><font size=\"3\" face=\"Arial\">Este evento t\u00e3o importante foi realizado atrav\u00e9s de uma parceria entre as Secretarias de Educa\u00e7\u00e3o e Sa\u00fade do munic\u00edpio. Dezenas de mulheres prestigiaram estas a\u00e7\u00f5es e sa\u00edram satisfeitas com o que viram. A m\u00e3e de aluno, Lisley Barros, foi a representante das demais mulheres que estavam no recinto e recebeu uma flor simbolizando as lutas e conquistas das mulheres de Salo\u00e1. Toda a estrutura desta palestra foi cedida pela equipe da Creche que tem como diretora a professora Cristiane G\u00f3es, que vem desenvolvendo um \u00f3timo trabalho a frente daquela institui\u00e7\u00e3o de ensino.<\/font><\/p>\n<div style=\"margin-top: 0px; margin-bottom: 0px;\" class=\"sharethis-inline-share-buttons\" ><\/div>","protected":false},"excerpt":{"rendered":"<p>A Secretaria de Educa\u00e7\u00e3o do Munic\u00edpio de Salo\u00e1\/PE realizou na manh\u00e3 desta ter\u00e7a-feira (8\/3) v\u00e1rias a\u00e7\u00f5es junto \u00e0 comunidade em alus\u00e3o ao \u201cDia Internacional da Mulher\u201d, com temas voltados \u00e0 popula\u00e7\u00e3o feminina, distribuindo brindes e flores \u00e0s mulheres presentes. Na nova Creche Zulmira Alves as m\u00e3es ouviram uma importante palestra com um tema bastante interessante [&hellip;]<\/p>\n","protected":false},"author":1,"featured_media":0,"comment_status":"open","ping_status":"open","sticky":false,"template":"","format":"standard","meta":{"footnotes":""},"categories":[2],"tags":[],"class_list":["post-2523","post","type-post","status-publish","format-standard","hentry","category-noticias-do-dia"],"_links":{"self":[{"href":"https:\/\/www.saloanoticias.com\/v1\/wp-json\/wp\/v2\/posts\/2523","targetHints":{"allow":["GET"]}}],"collection":[{"href":"https:\/\/www.saloanoticias.com\/v1\/wp-json\/wp\/v2\/posts"}],"about":[{"href":"https:\/\/www.saloanoticias.com\/v1\/wp-json\/wp\/v2\/types\/post"}],"author":[{"embeddable":true,"href":"https:\/\/www.saloanoticias.com\/v1\/wp-json\/wp\/v2\/users\/1"}],"replies":[{"embeddable":true,"href":"https:\/\/www.saloanoticias.com\/v1\/wp-json\/wp\/v2\/comments?post=2523"}],"version-history":[{"count":0,"href":"https:\/\/www.saloanoticias.com\/v1\/wp-json\/wp\/v2\/posts\/2523\/revisions"}],"wp:attachment":[{"href":"https:\/\/www.saloanoticias.com\/v1\/wp-json\/wp\/v2\/media?parent=2523"}],"wp:term":[{"taxonomy":"category","embeddable":true,"href":"https:\/\/www.saloanoticias.com\/v1\/wp-json\/wp\/v2\/categories?post=2523"},{"taxonomy":"post_tag","embeddable":true,"href":"https:\/\/www.saloanoticias.com\/v1\/wp-json\/wp\/v2\/tags?post=2523"}],"curies":[{"name":"wp","href":"https:\/\/api.w.org\/{rel}","templated":true}]}}