{"id":2521,"date":"2016-03-09T02:04:46","date_gmt":"2016-03-09T02:04:46","guid":{"rendered":"https:\/\/saloanoticias.mrmediaweb.com\/v1\/2016\/03\/09\/nota-de-falecimento-jose-cordeiro-alves-ze-pequeno-birunda\/"},"modified":"2016-03-09T02:04:46","modified_gmt":"2016-03-09T02:04:46","slug":"nota-de-falecimento-jose-cordeiro-alves-ze-pequeno-birunda","status":"publish","type":"post","link":"https:\/\/www.saloanoticias.com\/v1\/nota-de-falecimento-jose-cordeiro-alves-ze-pequeno-birunda\/","title":{"rendered":"\u201cNOTA DE FALECIMENTO\u201d: JOS\u00c9 CORDEIRO ALVES (Z\u00c9 PEQUENO BIRUNDA)"},"content":{"rendered":"<p align=\"justify\"><font size=\"3\" face=\"Arial\"><a href=\"http:\/\/www.saloanoticias.com\/images\/nota-de-falecimento_b1f90c733e0e37e763a227ead8c42de6.png\"><img loading=\"lazy\" decoding=\"async\" title=\"Nota de Falecimento\" style=\"border-top: 0px; border-right: 0px; background-image: none; border-bottom: 0px; float: left; padding-top: 0px; padding-left: 0px; margin: 5px 5px 0px 0px; border-left: 0px; display: inline; padding-right: 0px\" border=\"0\" alt=\"Nota de Falecimento\" src=\"http:\/\/www.saloanoticias.com\/v1\/wp-content\/uploads\/imagens\/nota-de-falecimento_thumb_4042c28dfe982b2581c40fe6479ce99e.png\" width=\"294\" align=\"left\" height=\"184\"><\/a>Faleceu na manh\u00e3 desta ter\u00e7a-feira (8\/3) o Sr. Jos\u00e9 Cordeiro Alves, mais conhecido por Z\u00e9 Pequeno Birunda, de 79 anos, residente no s\u00edtio Baixa do Tanque na zona rural de Salo\u00e1\/PE. Segundo os familiares, Z\u00e9 Pequeno acordou cedo, cuidou dos afazeres cotidianos e se dirigiu a um pequeno ro\u00e7ado pr\u00f3ximo da sua casa. Pouco tempo depois, foi encontrado ca\u00eddo dentro da ro\u00e7a j\u00e1 sem vida. Ao que parece ele sofreu um infarto fulminante e n\u00e3o resistiu.<\/font><\/p>\n<p align=\"justify\"><font size=\"3\" face=\"Arial\">O corpo est\u00e1 sendo velado em sua resid\u00eancia na Baixa do Tanque, de onde sair\u00e1 \u00e0s 16h para o cemit\u00e9rio da vila de Miracica em Garanhuns. <\/font><font size=\"3\" face=\"Arial\">Z\u00e9 Pequeno \u00e9 irm\u00e3o de Maria e Liu Birunda, figuras bastantes conhecidas em Salo\u00e1. Desde j\u00e1 os parentes e amigos agradecem a todos que comparecerem a este ato de f\u00e9 e irmandade crist\u00e3.<\/font><\/p>\n<div style=\"margin-top: 0px; margin-bottom: 0px;\" class=\"sharethis-inline-share-buttons\" ><\/div>","protected":false},"excerpt":{"rendered":"<p>Faleceu na manh\u00e3 desta ter\u00e7a-feira (8\/3) o Sr. Jos\u00e9 Cordeiro Alves, mais conhecido por Z\u00e9 Pequeno Birunda, de 79 anos, residente no s\u00edtio Baixa do Tanque na zona rural de Salo\u00e1\/PE. Segundo os familiares, Z\u00e9 Pequeno acordou cedo, cuidou dos afazeres cotidianos e se dirigiu a um pequeno ro\u00e7ado pr\u00f3ximo da sua casa. Pouco tempo [&hellip;]<\/p>\n","protected":false},"author":1,"featured_media":0,"comment_status":"open","ping_status":"open","sticky":false,"template":"","format":"standard","meta":{"footnotes":""},"categories":[2],"tags":[],"class_list":["post-2521","post","type-post","status-publish","format-standard","hentry","category-noticias-do-dia"],"_links":{"self":[{"href":"https:\/\/www.saloanoticias.com\/v1\/wp-json\/wp\/v2\/posts\/2521","targetHints":{"allow":["GET"]}}],"collection":[{"href":"https:\/\/www.saloanoticias.com\/v1\/wp-json\/wp\/v2\/posts"}],"about":[{"href":"https:\/\/www.saloanoticias.com\/v1\/wp-json\/wp\/v2\/types\/post"}],"author":[{"embeddable":true,"href":"https:\/\/www.saloanoticias.com\/v1\/wp-json\/wp\/v2\/users\/1"}],"replies":[{"embeddable":true,"href":"https:\/\/www.saloanoticias.com\/v1\/wp-json\/wp\/v2\/comments?post=2521"}],"version-history":[{"count":0,"href":"https:\/\/www.saloanoticias.com\/v1\/wp-json\/wp\/v2\/posts\/2521\/revisions"}],"wp:attachment":[{"href":"https:\/\/www.saloanoticias.com\/v1\/wp-json\/wp\/v2\/media?parent=2521"}],"wp:term":[{"taxonomy":"category","embeddable":true,"href":"https:\/\/www.saloanoticias.com\/v1\/wp-json\/wp\/v2\/categories?post=2521"},{"taxonomy":"post_tag","embeddable":true,"href":"https:\/\/www.saloanoticias.com\/v1\/wp-json\/wp\/v2\/tags?post=2521"}],"curies":[{"name":"wp","href":"https:\/\/api.w.org\/{rel}","templated":true}]}}