{"id":25202,"date":"2024-05-21T14:44:36","date_gmt":"2024-05-21T17:44:36","guid":{"rendered":"https:\/\/www.saloanoticias.com\/v1\/?p=25202"},"modified":"2024-05-21T20:27:04","modified_gmt":"2024-05-21T23:27:04","slug":"25202-2","status":"publish","type":"post","link":"https:\/\/www.saloanoticias.com\/v1\/25202-2\/","title":{"rendered":"Adolescente acusado de cometer crime an\u00e1logo a homic\u00eddio na vila de Iatec\u00e1 foi preso em Tamandar\u00e9\/PE"},"content":{"rendered":"\n<p>A Pol\u00edcia Civil de Pernambuco, na manh\u00e3 do dia 21\/05\/2024, por meio das equipes da 145\u00aa Circunscri\u00e7\u00e3o Policial de Salo\u00e1 e da 79 Circ. de Tamandar\u00e9, sob os comandos, respectivamente do Delegado Thiago Jos\u00e9 de Oliveira Barros e do Delegado Alexandre Henrique Te\u00f3filo de Oliveira, em opera\u00e7\u00e3o conjunta, deu cumprimento ao Mandado de Busca e Apreens\u00e3o de Menor Infrator, expedido pelo MM Juiz da Vara \u00fanica da Comarca de Salo\u00e1, por fato an\u00e1logo ao crime de homic\u00eddio qualificado, fato ocorrido no dia 30\/04\/24, na Vila Iatec\u00e1, Distrito de Salo\u00e1\/PE, figurando como v\u00edtima JOS\u00c9 CARLOS GOMES DA SILVA. O adolescente foi apreendido na cidade de Tamandar\u00e9 e ser\u00e1 encaminhado ao CASE\/FUNASE<\/p>\n<div style=\"margin-top: 0px; margin-bottom: 0px;\" class=\"sharethis-inline-share-buttons\" ><\/div>","protected":false},"excerpt":{"rendered":"<p>A Pol\u00edcia Civil de Pernambuco, na manh\u00e3 do dia 21\/05\/2024, por meio das equipes da 145\u00aa Circunscri\u00e7\u00e3o Policial de Salo\u00e1 e da 79 Circ. de Tamandar\u00e9, sob os comandos, respectivamente do Delegado Thiago Jos\u00e9 de Oliveira Barros e do Delegado Alexandre Henrique Te\u00f3filo de Oliveira, em opera\u00e7\u00e3o conjunta, deu cumprimento ao Mandado de Busca e [&hellip;]<\/p>\n","protected":false},"author":1,"featured_media":25204,"comment_status":"closed","ping_status":"closed","sticky":false,"template":"","format":"standard","meta":{"footnotes":""},"categories":[19],"tags":[22],"class_list":["post-25202","post","type-post","status-publish","format-standard","has-post-thumbnail","hentry","category-policial","tag-destaques"],"_links":{"self":[{"href":"https:\/\/www.saloanoticias.com\/v1\/wp-json\/wp\/v2\/posts\/25202","targetHints":{"allow":["GET"]}}],"collection":[{"href":"https:\/\/www.saloanoticias.com\/v1\/wp-json\/wp\/v2\/posts"}],"about":[{"href":"https:\/\/www.saloanoticias.com\/v1\/wp-json\/wp\/v2\/types\/post"}],"author":[{"embeddable":true,"href":"https:\/\/www.saloanoticias.com\/v1\/wp-json\/wp\/v2\/users\/1"}],"replies":[{"embeddable":true,"href":"https:\/\/www.saloanoticias.com\/v1\/wp-json\/wp\/v2\/comments?post=25202"}],"version-history":[{"count":7,"href":"https:\/\/www.saloanoticias.com\/v1\/wp-json\/wp\/v2\/posts\/25202\/revisions"}],"predecessor-version":[{"id":25213,"href":"https:\/\/www.saloanoticias.com\/v1\/wp-json\/wp\/v2\/posts\/25202\/revisions\/25213"}],"wp:featuredmedia":[{"embeddable":true,"href":"https:\/\/www.saloanoticias.com\/v1\/wp-json\/wp\/v2\/media\/25204"}],"wp:attachment":[{"href":"https:\/\/www.saloanoticias.com\/v1\/wp-json\/wp\/v2\/media?parent=25202"}],"wp:term":[{"taxonomy":"category","embeddable":true,"href":"https:\/\/www.saloanoticias.com\/v1\/wp-json\/wp\/v2\/categories?post=25202"},{"taxonomy":"post_tag","embeddable":true,"href":"https:\/\/www.saloanoticias.com\/v1\/wp-json\/wp\/v2\/tags?post=25202"}],"curies":[{"name":"wp","href":"https:\/\/api.w.org\/{rel}","templated":true}]}}