{"id":2520,"date":"2016-03-08T17:04:29","date_gmt":"2016-03-08T17:04:29","guid":{"rendered":"https:\/\/saloanoticias.mrmediaweb.com\/v1\/2016\/03\/08\/prefeito-de-saloa-emite-nota-sobre-o-dia-internacional-das-mulheres\/"},"modified":"2016-03-08T17:04:29","modified_gmt":"2016-03-08T17:04:29","slug":"prefeito-de-saloa-emite-nota-sobre-o-dia-internacional-das-mulheres","status":"publish","type":"post","link":"https:\/\/www.saloanoticias.com\/v1\/prefeito-de-saloa-emite-nota-sobre-o-dia-internacional-das-mulheres\/","title":{"rendered":"PREFEITO DE SALO\u00c1-PE EMITE NOTA SOBRE O \u201cDIA INTERNACIONAL DA MULHER\u201d"},"content":{"rendered":"<p align=\"justify\"><font size=\"3\" face=\"Arial\"><a href=\"http:\/\/www.saloanoticias.com\/images\/ricardo-alves-de-salo_eea3ab4529395c0cbe6c13b1ba04b937.jpg\"><img loading=\"lazy\" decoding=\"async\" title=\"Ricardo Alves de Salo&aacute;\" style=\"border-top: 0px; border-right: 0px; background-image: none; border-bottom: 0px; float: none; padding-top: 0px; padding-left: 0px; margin: 0px auto 10px; border-left: 0px; display: block; padding-right: 0px\" border=\"0\" alt=\"Ricardo Alves de Salo&aacute;\" src=\"http:\/\/www.saloanoticias.com\/v1\/wp-content\/uploads\/imagens\/ricardo-alves-de-salo_thumb_fd1cba0b300aca8cc5096ce51d7be10b.jpg\" width=\"1466\" height=\"1155\"><\/a>Neste 08 de mar\u00e7o, Dia Internacional da Mulher, quero deixar o nosso reconhecimento a todas as mulheres, em especial, as mulheres Saloaesses, pela sua significante parcela de contribui\u00e7\u00e3o no crescimento desta cidade, por serem mulheres fortes, guerreiras, empreendedoras, e que est\u00e3o sempre presentes, em cada passo, para novas conquistas. Gostaria de parabeniz\u00e1-las pelos seus projetos e celebrar suas realiza\u00e7\u00f5es, porque est\u00e1 em voc\u00ea, Mulher, o anseio e o empenho em promover um mundo mais justo e mais humano.<\/font><\/p>\n<p align=\"justify\"><font size=\"3\" face=\"Arial\">Por tudo isso, manifestamos o nosso respeito e admira\u00e7\u00e3o a voc\u00eas, pessoas especiais que tem nos ajudado a fazer de Salo\u00e1 uma cidade cada vez melhor. Parab\u00e9ns !<\/font><\/p>\n<p align=\"center\"><font size=\"3\" face=\"Arial\">Manoel Ricardo de Andrade Lima Alves<br \/>Prefeito<\/font><\/p>\n<div style=\"margin-top: 0px; margin-bottom: 0px;\" class=\"sharethis-inline-share-buttons\" ><\/div>","protected":false},"excerpt":{"rendered":"<p>Neste 08 de mar\u00e7o, Dia Internacional da Mulher, quero deixar o nosso reconhecimento a todas as mulheres, em especial, as mulheres Saloaesses, pela sua significante parcela de contribui\u00e7\u00e3o no crescimento desta cidade, por serem mulheres fortes, guerreiras, empreendedoras, e que est\u00e3o sempre presentes, em cada passo, para novas conquistas. Gostaria de parabeniz\u00e1-las pelos seus projetos [&hellip;]<\/p>\n","protected":false},"author":1,"featured_media":0,"comment_status":"open","ping_status":"open","sticky":false,"template":"","format":"standard","meta":{"footnotes":""},"categories":[2],"tags":[],"class_list":["post-2520","post","type-post","status-publish","format-standard","hentry","category-noticias-do-dia"],"_links":{"self":[{"href":"https:\/\/www.saloanoticias.com\/v1\/wp-json\/wp\/v2\/posts\/2520","targetHints":{"allow":["GET"]}}],"collection":[{"href":"https:\/\/www.saloanoticias.com\/v1\/wp-json\/wp\/v2\/posts"}],"about":[{"href":"https:\/\/www.saloanoticias.com\/v1\/wp-json\/wp\/v2\/types\/post"}],"author":[{"embeddable":true,"href":"https:\/\/www.saloanoticias.com\/v1\/wp-json\/wp\/v2\/users\/1"}],"replies":[{"embeddable":true,"href":"https:\/\/www.saloanoticias.com\/v1\/wp-json\/wp\/v2\/comments?post=2520"}],"version-history":[{"count":0,"href":"https:\/\/www.saloanoticias.com\/v1\/wp-json\/wp\/v2\/posts\/2520\/revisions"}],"wp:attachment":[{"href":"https:\/\/www.saloanoticias.com\/v1\/wp-json\/wp\/v2\/media?parent=2520"}],"wp:term":[{"taxonomy":"category","embeddable":true,"href":"https:\/\/www.saloanoticias.com\/v1\/wp-json\/wp\/v2\/categories?post=2520"},{"taxonomy":"post_tag","embeddable":true,"href":"https:\/\/www.saloanoticias.com\/v1\/wp-json\/wp\/v2\/tags?post=2520"}],"curies":[{"name":"wp","href":"https:\/\/api.w.org\/{rel}","templated":true}]}}