{"id":2519,"date":"2016-03-08T13:00:00","date_gmt":"2016-03-08T13:00:00","guid":{"rendered":"https:\/\/saloanoticias.mrmediaweb.com\/v1\/2016\/03\/08\/secretarias-realizam-semana-de-saude-nas-escolas\/"},"modified":"2016-03-08T13:00:00","modified_gmt":"2016-03-08T13:00:00","slug":"secretarias-realizam-semana-de-saude-nas-escolas","status":"publish","type":"post","link":"https:\/\/www.saloanoticias.com\/v1\/secretarias-realizam-semana-de-saude-nas-escolas\/","title":{"rendered":"SECRETARIAS REALIZAM SEMANA DE SA\u00daDE NAS ESCOLAS DE SALO\u00c1\/PE"},"content":{"rendered":"<p align=\"justify\"><font size=\"3\" face=\"Arial\"><a href=\"http:\/\/www.saloanoticias.com\/images\/desfiledsc_0004_ecbcaa0c0f0a378da8916962da51f88d.jpg\"><img loading=\"lazy\" decoding=\"async\" title=\"desfileDSC_0004\" style=\"border-top: 0px; border-right: 0px; background-image: none; border-bottom: 0px; float: none; padding-top: 0px; padding-left: 0px; margin: 0px auto 10px; border-left: 0px; display: block; padding-right: 0px\" border=\"0\" alt=\"desfileDSC_0004\" src=\"http:\/\/www.saloanoticias.com\/v1\/wp-content\/uploads\/imagens\/desfiledsc_0004_thumb_4053c67bbeec0c68889cb023fbbdf313.jpg\" width=\"1536\" height=\"949\"><\/a>As secretarias de Sa\u00fade e de Educa\u00e7\u00e3o, v\u00eam convidar a popula\u00e7\u00e3o Saloaense, para participar da \u201cSemana de Sa\u00fade na Escola\u201d. O objetivo \u00e9 motivar e conscientizar o nosso alunado e toda comunidade, sobre a import\u00e2ncia de combatermos o mosquito Aedes Aegypti causador da Dengue, Febre Chikungunya e Zika. As a\u00e7\u00f5es acontecer\u00e3o entre os dias 07 e 11 de Mar\u00e7o nas Escolas de todo o Munic\u00edpio, onde ser\u00e3o vivenciadas palestras, atividades de conscientiza\u00e7\u00e3o e passeata.<\/font><\/p>\n<p align=\"justify\"><a href=\"http:\/\/www.saloanoticias.com\/images\/prefeitura-de-salo_c6d0cea104cb41df6bd35e9ab930fc30.jpg\"><img loading=\"lazy\" decoding=\"async\" title=\"Prefeitura de Salo&aacute;\" style=\"border-left-width: 0px; border-right-width: 0px; background-image: none; border-bottom-width: 0px; float: none; padding-top: 0px; padding-left: 0px; margin-left: auto; display: block; padding-right: 0px; border-top-width: 0px; margin-right: auto\" border=\"0\" alt=\"Prefeitura de Salo&aacute;\" src=\"http:\/\/www.saloanoticias.com\/v1\/wp-content\/uploads\/imagens\/prefeitura-de-salo_thumb_0dcc5bf4517d7c25842a5865f0f18bc7.jpg\" width=\"1480\" height=\"1437\"><\/a><\/p>\n<div style=\"margin-top: 0px; margin-bottom: 0px;\" class=\"sharethis-inline-share-buttons\" ><\/div>","protected":false},"excerpt":{"rendered":"<p>As secretarias de Sa\u00fade e de Educa\u00e7\u00e3o, v\u00eam convidar a popula\u00e7\u00e3o Saloaense, para participar da \u201cSemana de Sa\u00fade na Escola\u201d. O objetivo \u00e9 motivar e conscientizar o nosso alunado e toda comunidade, sobre a import\u00e2ncia de combatermos o mosquito Aedes Aegypti causador da Dengue, Febre Chikungunya e Zika. As a\u00e7\u00f5es acontecer\u00e3o entre os dias 07 [&hellip;]<\/p>\n","protected":false},"author":1,"featured_media":0,"comment_status":"open","ping_status":"open","sticky":false,"template":"","format":"standard","meta":{"footnotes":""},"categories":[2],"tags":[],"class_list":["post-2519","post","type-post","status-publish","format-standard","hentry","category-noticias-do-dia"],"_links":{"self":[{"href":"https:\/\/www.saloanoticias.com\/v1\/wp-json\/wp\/v2\/posts\/2519","targetHints":{"allow":["GET"]}}],"collection":[{"href":"https:\/\/www.saloanoticias.com\/v1\/wp-json\/wp\/v2\/posts"}],"about":[{"href":"https:\/\/www.saloanoticias.com\/v1\/wp-json\/wp\/v2\/types\/post"}],"author":[{"embeddable":true,"href":"https:\/\/www.saloanoticias.com\/v1\/wp-json\/wp\/v2\/users\/1"}],"replies":[{"embeddable":true,"href":"https:\/\/www.saloanoticias.com\/v1\/wp-json\/wp\/v2\/comments?post=2519"}],"version-history":[{"count":0,"href":"https:\/\/www.saloanoticias.com\/v1\/wp-json\/wp\/v2\/posts\/2519\/revisions"}],"wp:attachment":[{"href":"https:\/\/www.saloanoticias.com\/v1\/wp-json\/wp\/v2\/media?parent=2519"}],"wp:term":[{"taxonomy":"category","embeddable":true,"href":"https:\/\/www.saloanoticias.com\/v1\/wp-json\/wp\/v2\/categories?post=2519"},{"taxonomy":"post_tag","embeddable":true,"href":"https:\/\/www.saloanoticias.com\/v1\/wp-json\/wp\/v2\/tags?post=2519"}],"curies":[{"name":"wp","href":"https:\/\/api.w.org\/{rel}","templated":true}]}}