{"id":2518,"date":"2016-03-07T18:59:12","date_gmt":"2016-03-07T18:59:12","guid":{"rendered":"https:\/\/saloanoticias.mrmediaweb.com\/v1\/2016\/03\/07\/crianca-desaparecida-foi-encontrada-morta-em-saloa\/"},"modified":"2016-03-07T18:59:12","modified_gmt":"2016-03-07T18:59:12","slug":"crianca-desaparecida-foi-encontrada-morta-em-saloa","status":"publish","type":"post","link":"https:\/\/www.saloanoticias.com\/v1\/crianca-desaparecida-foi-encontrada-morta-em-saloa\/","title":{"rendered":"CRIAN\u00c7A DESAPARECIDA FOI ENCONTRADA MORTA NA ZONA RURAL DE SALO\u00c1\/PE"},"content":{"rendered":"<p align=\"justify\"><font size=\"3\" face=\"Arial\"><a href=\"http:\/\/www.saloanoticias.com\/images\/criana-morta-salo.jpg\"><img loading=\"lazy\" decoding=\"async\" title=\"Crian&ccedil;a Morta Salo&aacute;\" style=\"border-top: 0px; border-right: 0px; background-image: none; border-bottom: 0px; float: none; padding-top: 0px; padding-left: 0px; margin: 0px auto 10px; border-left: 0px; display: block; padding-right: 0px\" border=\"0\" alt=\"Crian&ccedil;a Morta Salo&aacute;\" src=\"http:\/\/www.saloanoticias.com\/v1\/wp-content\/uploads\/imagens\/criana-morta-salo_thumb.jpg\" width=\"1379\" height=\"1583\"><\/a>Acabamos de ser informados que Bruno Augusto dos Santos, de 8 anos de idade, que estava desaparecido desde ontem, dia 6 de mar\u00e7o, foi encontrado sem vida dentro de um po\u00e7o na comunidade em que vivia com a fam\u00edlia, s\u00edtio Manoel Ferreira, zona rural de Salo\u00e1\/PE. Ainda s\u00e3o poucas as informa\u00e7\u00f5es sobre o fato, mas, o que nos passaram foi que a crian\u00e7a havia pedido ao av\u00f4 para ir a este po\u00e7o que fica pr\u00f3ximo ao s\u00edtio Manoel Ferreira, juntamente com os coleguinhas, mas o progenitor n\u00e3o havia deixado.<\/font><\/p>\n<p align=\"justify\"><font size=\"3\" face=\"Arial\">Depois de ter negado o pedido do neto, o av\u00f4 teria sa\u00eddo de casa e ao retornar n\u00e3o encontrou Bruno. Escureceu e o menino ainda n\u00e3o havia voltado para casa e a partir da\u00ed come\u00e7aram as buscas. Somente na tarde de hoje \u00e9 que o corpo do menino foi localizado. As pol\u00edcias Civil e Militar j\u00e1 foram comunicadas e j\u00e1 se dirigiram ao local para fazer os primeiros levantamentos. <\/font><font size=\"3\" face=\"Arial\">N\u00e3o se sabe se a crian\u00e7a foi v\u00edtima de assassinato ou de acidente. O corpo dever\u00e1 ser encaminhado ao Instituto M\u00e9dico Legal de Caruaru, onde ser\u00e1 feito a aut\u00f3psia, e somente depois se saber\u00e1 a causa mortis.<\/font><\/p>\n<p align=\"justify\"><font size=\"3\" face=\"Arial\">Os parentes e amigos faziam buscas desde ontem, domingo (6), momento em que se deram conta do desaparecimento e estavam usando as redes sociais em busca de informa\u00e7\u00f5es sobre Bruno. Infelizmente na tarde de hoje (7), chegou a triste not\u00edcia. A qualquer momento mais informa\u00e7\u00f5es sobre este assunto.<\/font><\/p>\n<div style=\"margin-top: 0px; margin-bottom: 0px;\" class=\"sharethis-inline-share-buttons\" ><\/div>","protected":false},"excerpt":{"rendered":"<p>Acabamos de ser informados que Bruno Augusto dos Santos, de 8 anos de idade, que estava desaparecido desde ontem, dia 6 de mar\u00e7o, foi encontrado sem vida dentro de um po\u00e7o na comunidade em que vivia com a fam\u00edlia, s\u00edtio Manoel Ferreira, zona rural de Salo\u00e1\/PE. Ainda s\u00e3o poucas as informa\u00e7\u00f5es sobre o fato, mas, [&hellip;]<\/p>\n","protected":false},"author":1,"featured_media":0,"comment_status":"open","ping_status":"open","sticky":false,"template":"","format":"standard","meta":{"footnotes":""},"categories":[2],"tags":[],"class_list":["post-2518","post","type-post","status-publish","format-standard","hentry","category-noticias-do-dia"],"_links":{"self":[{"href":"https:\/\/www.saloanoticias.com\/v1\/wp-json\/wp\/v2\/posts\/2518","targetHints":{"allow":["GET"]}}],"collection":[{"href":"https:\/\/www.saloanoticias.com\/v1\/wp-json\/wp\/v2\/posts"}],"about":[{"href":"https:\/\/www.saloanoticias.com\/v1\/wp-json\/wp\/v2\/types\/post"}],"author":[{"embeddable":true,"href":"https:\/\/www.saloanoticias.com\/v1\/wp-json\/wp\/v2\/users\/1"}],"replies":[{"embeddable":true,"href":"https:\/\/www.saloanoticias.com\/v1\/wp-json\/wp\/v2\/comments?post=2518"}],"version-history":[{"count":0,"href":"https:\/\/www.saloanoticias.com\/v1\/wp-json\/wp\/v2\/posts\/2518\/revisions"}],"wp:attachment":[{"href":"https:\/\/www.saloanoticias.com\/v1\/wp-json\/wp\/v2\/media?parent=2518"}],"wp:term":[{"taxonomy":"category","embeddable":true,"href":"https:\/\/www.saloanoticias.com\/v1\/wp-json\/wp\/v2\/categories?post=2518"},{"taxonomy":"post_tag","embeddable":true,"href":"https:\/\/www.saloanoticias.com\/v1\/wp-json\/wp\/v2\/tags?post=2518"}],"curies":[{"name":"wp","href":"https:\/\/api.w.org\/{rel}","templated":true}]}}