{"id":25166,"date":"2024-05-19T11:23:06","date_gmt":"2024-05-19T14:23:06","guid":{"rendered":"https:\/\/www.saloanoticias.com\/v1\/?p=25166"},"modified":"2024-05-19T13:17:19","modified_gmt":"2024-05-19T16:17:19","slug":"vilma-da-prata-disse-que-a-festa-das-maes-em-saloa-foi-linda-organizada-e-perfeita","status":"publish","type":"post","link":"https:\/\/www.saloanoticias.com\/v1\/vilma-da-prata-disse-que-a-festa-das-maes-em-saloa-foi-linda-organizada-e-perfeita\/","title":{"rendered":"Vilma da Prata diz que a festa das m\u00e3es em Salo\u00e1 foi perfeita e organizada"},"content":{"rendered":"\n<p>Usando o plen\u00e1rio da C\u00e2mara Municipal na \u00faltima quinta-feira, dia 16 de maio de 2024, a vereadora Vilma L\u00facia Ferreira de Barros, mais conhecida como Vilma da Prata (Republicanos), disse que a festa das m\u00e3es organizada pela Prefeitura local foi muito linda, organizada e perfeita.<\/p>\n\n\n\n<p>A parlamentar disse ainda que esteve pessoalmente no evento e presenciou a grandiosidade da festa que foi feita especialmente para as m\u00e3es do Munic\u00edpio. Segundo os organizadores, o evento contou com a presen\u00e7a maci\u00e7a de mais de 5 mil pessoas na pra\u00e7a Agamenon Magalh\u00e3es, no centro da cidade.<\/p>\n\n\n<div class=\"wp-block-image\">\n<figure class=\"aligncenter size-large\"><img loading=\"lazy\" decoding=\"async\" width=\"1024\" height=\"576\" src=\"https:\/\/www.saloanoticias.com\/v1\/wp-content\/uploads\/2024\/05\/IMG_9060-1024x576.jpeg\" alt=\"\" class=\"wp-image-25118\" srcset=\"https:\/\/www.saloanoticias.com\/v1\/wp-content\/uploads\/2024\/05\/IMG_9060-1024x576.jpeg 1024w, https:\/\/www.saloanoticias.com\/v1\/wp-content\/uploads\/2024\/05\/IMG_9060-300x169.jpeg 300w, https:\/\/www.saloanoticias.com\/v1\/wp-content\/uploads\/2024\/05\/IMG_9060-768x432.jpeg 768w, https:\/\/www.saloanoticias.com\/v1\/wp-content\/uploads\/2024\/05\/IMG_9060-1536x864.jpeg 1536w, https:\/\/www.saloanoticias.com\/v1\/wp-content\/uploads\/2024\/05\/IMG_9060-2048x1152.jpeg 2048w\" sizes=\"auto, (max-width: 1024px) 100vw, 1024px\" \/><\/figure>\n<\/div>\n\n\n<p>Na oportunidade foram foram feitos sorteios de brindes, a realiza\u00e7\u00e3o de um bingo e no final dois grandes shows em pra\u00e7a p\u00fablica com Danielzinho e Toca do Vale. <\/p>\n\n\n\n<p><em>&#8220;Tenho a humildade de dizer que achei linda a festa das m\u00e3es, seria imposs\u00edvel eu dizer que a festa n\u00e3o foi uma festa perfeita, porque foi uma festa muito organizada com um p\u00fablico muito grande e com muita paz. Estive at\u00e9 na festa e fui criticada, mas estava em uma festa p\u00fablica, nunca deixei de ir, \u00e9 festa do povo, e eu sou vereadora do Munic\u00edpio e posso estar em qualquer ambiente&#8221;, <\/em>finalizou a parlamentar.<\/p>\n\n\n\n<figure class=\"wp-block-embed aligncenter is-type-video is-provider-youtube wp-block-embed-youtube wp-embed-aspect-4-3 wp-has-aspect-ratio\"><div class=\"wp-block-embed__wrapper\">\n<iframe loading=\"lazy\" title=\"VEREADORA VILMA DA PRATA DISSE QUE A FESTA DAS M\u00c3ES EM SALO\u00c1 FOI LINDA, ORGANIZADA E PERFEITA\" width=\"740\" height=\"555\" src=\"https:\/\/www.youtube.com\/embed\/4rA4_GX1QIg?feature=oembed\" frameborder=\"0\" allow=\"accelerometer; autoplay; clipboard-write; encrypted-media; gyroscope; picture-in-picture; web-share\" referrerpolicy=\"strict-origin-when-cross-origin\" allowfullscreen><\/iframe>\n<\/div><\/figure>\n<div style=\"margin-top: 0px; margin-bottom: 0px;\" class=\"sharethis-inline-share-buttons\" ><\/div>","protected":false},"excerpt":{"rendered":"<p>Usando o plen\u00e1rio da C\u00e2mara Municipal na \u00faltima quinta-feira, dia 16 de maio de 2024, a vereadora Vilma L\u00facia Ferreira de Barros, mais conhecida como Vilma da Prata (Republicanos), disse que a festa das m\u00e3es organizada pela Prefeitura local foi muito linda, organizada e perfeita. A parlamentar disse ainda que esteve pessoalmente no evento e [&hellip;]<\/p>\n","protected":false},"author":1,"featured_media":25169,"comment_status":"closed","ping_status":"closed","sticky":false,"template":"","format":"standard","meta":{"footnotes":""},"categories":[21],"tags":[22],"class_list":["post-25166","post","type-post","status-publish","format-standard","has-post-thumbnail","hentry","category-cidade","tag-destaques"],"_links":{"self":[{"href":"https:\/\/www.saloanoticias.com\/v1\/wp-json\/wp\/v2\/posts\/25166","targetHints":{"allow":["GET"]}}],"collection":[{"href":"https:\/\/www.saloanoticias.com\/v1\/wp-json\/wp\/v2\/posts"}],"about":[{"href":"https:\/\/www.saloanoticias.com\/v1\/wp-json\/wp\/v2\/types\/post"}],"author":[{"embeddable":true,"href":"https:\/\/www.saloanoticias.com\/v1\/wp-json\/wp\/v2\/users\/1"}],"replies":[{"embeddable":true,"href":"https:\/\/www.saloanoticias.com\/v1\/wp-json\/wp\/v2\/comments?post=25166"}],"version-history":[{"count":6,"href":"https:\/\/www.saloanoticias.com\/v1\/wp-json\/wp\/v2\/posts\/25166\/revisions"}],"predecessor-version":[{"id":25175,"href":"https:\/\/www.saloanoticias.com\/v1\/wp-json\/wp\/v2\/posts\/25166\/revisions\/25175"}],"wp:featuredmedia":[{"embeddable":true,"href":"https:\/\/www.saloanoticias.com\/v1\/wp-json\/wp\/v2\/media\/25169"}],"wp:attachment":[{"href":"https:\/\/www.saloanoticias.com\/v1\/wp-json\/wp\/v2\/media?parent=25166"}],"wp:term":[{"taxonomy":"category","embeddable":true,"href":"https:\/\/www.saloanoticias.com\/v1\/wp-json\/wp\/v2\/categories?post=25166"},{"taxonomy":"post_tag","embeddable":true,"href":"https:\/\/www.saloanoticias.com\/v1\/wp-json\/wp\/v2\/tags?post=25166"}],"curies":[{"name":"wp","href":"https:\/\/api.w.org\/{rel}","templated":true}]}}