{"id":2516,"date":"2016-03-07T11:00:00","date_gmt":"2016-03-07T11:00:00","guid":{"rendered":"https:\/\/saloanoticias.mrmediaweb.com\/v1\/2016\/03\/07\/recordar-e-viver-comicio-de-miguel-arraes-em-saloa-no-ano-de-1986\/"},"modified":"2016-03-07T11:00:00","modified_gmt":"2016-03-07T11:00:00","slug":"recordar-e-viver-comicio-de-miguel-arraes-em-saloa-no-ano-de-1986","status":"publish","type":"post","link":"https:\/\/www.saloanoticias.com\/v1\/recordar-e-viver-comicio-de-miguel-arraes-em-saloa-no-ano-de-1986\/","title":{"rendered":"\u201cRECORDAR \u00c9 VIVER\u201d: COM\u00cdCIO DE MIGUEL ARRAES EM SALO\u00c1\/PE NO ANO DE 1986"},"content":{"rendered":"<p align=\"justify\"><font size=\"3\" face=\"Arial\"><a href=\"http:\/\/www.saloanoticias.com\/images\/miguel-arraes_99d2775cae6a6af540fcc0f725304032.jpg\"><img loading=\"lazy\" decoding=\"async\" title=\"Miguel Arraes\" style=\"border-left-width: 0px; border-right-width: 0px; background-image: none; border-bottom-width: 0px; float: none; padding-top: 0px; padding-left: 0px; margin: 0px auto 10px; display: block; padding-right: 0px; border-top-width: 0px\" border=\"0\" alt=\"Miguel Arraes\" src=\"http:\/\/www.saloanoticias.com\/v1\/wp-content\/uploads\/imagens\/miguel-arraes_thumb_8e84e454bd93c34b1c62926ac7907e41.jpg\" width=\"1461\" height=\"1097\"><\/a>A \u201cColuna Recordar \u00e9 Viver\u201d do Blog Salo\u00e1 Not\u00edcias, esta semana traz um dos maiores com\u00edcios da hist\u00f3ria do munic\u00edpio de Salo\u00e1\/PE, datado do ano de 1986, na ocasi\u00e3o da campanha de Miguel Arraes de Alencar ao governo do Estado, av\u00f4 de Eduardo Campos, momento em que o mesmo voltava do ex\u00edlio pol\u00edtico imposto pela ditadura militar em 1964, onde viveu por 15 anos na Arg\u00e9lia e na Fran\u00e7a. Em sua volta ao Brasil em 1986, Arraes se lan\u00e7a candidato ao governo de Pernambuco pelo PMDB, contra Jos\u00e9 M\u00facio Monteiro do PFL e, neste momento contava com o apoio de poucas lideran\u00e7as, entre eles o ex-prefeito de Salo\u00e1, Ant\u00f4nio Ricardo e seus filhos Rivaldo Alves de Souza, ent\u00e3o prefeito, Manoel Alves de Souza (Manoel Ricardo do MDB) e seu grupo pol\u00edtico.<\/font><\/p>\n<p align=\"justify\"><a href=\"http:\/\/www.saloanoticias.com\/images\/man-ricardo_9286d7ebfad5d5bb7cec2f57e5fd9457.jpg\"><img loading=\"lazy\" decoding=\"async\" title=\"Man&eacute; Ricardo\" style=\"border-left-width: 0px; border-right-width: 0px; background-image: none; border-bottom-width: 0px; float: none; padding-top: 0px; padding-left: 0px; margin-left: auto; display: block; padding-right: 0px; border-top-width: 0px; margin-right: auto\" border=\"0\" alt=\"Man&eacute; Ricardo\" src=\"http:\/\/www.saloanoticias.com\/v1\/wp-content\/uploads\/imagens\/man-ricardo_thumb_06a2553d5e01181f4d29c40beaf55585.jpg\" width=\"1459\" height=\"1094\"><\/a><\/p>\n<p align=\"justify\"><font size=\"3\" face=\"Arial\">Na verdade, naquela \u00e9poca Salo\u00e1 foi o \u00fanico munic\u00edpio a oferecer palanque para Dr. Arraes, j\u00e1 que os demais l\u00edderes da regi\u00e3o estavam com Jos\u00e9 M\u00facio. O fato \u00e9 que o com\u00edcio foi um verdadeiro sucesso e reuniu mais de 10.000 pessoas na pra\u00e7a S\u00e3o Vicente vindas de v\u00e1rias cidades de Pernambuco e foi embalado com a campanha: \u201cArrasta\u00ed Meu Povo\u201d. Neste mesmo dia foi lan\u00e7ada a campanha vitoriosa do jovem Manoel Alves a deputado estadual de Pernambuco, feito que jamais foi alcan\u00e7ado por um saloaense at\u00e9 os dias atuais.<\/font><\/p>\n<p align=\"justify\"><a href=\"http:\/\/www.saloanoticias.com\/images\/rivaldo-alves.jpg\"><img loading=\"lazy\" decoding=\"async\" title=\"Rivaldo ALves\" style=\"border-left-width: 0px; border-right-width: 0px; background-image: none; border-bottom-width: 0px; float: none; padding-top: 0px; padding-left: 0px; margin-left: auto; display: block; padding-right: 0px; border-top-width: 0px; margin-right: auto\" border=\"0\" alt=\"Rivaldo ALves\" src=\"http:\/\/www.saloanoticias.com\/v1\/wp-content\/uploads\/imagens\/rivaldo-alves_thumb.jpg\" width=\"1446\" height=\"1084\"><\/a><\/p>\n<p align=\"justify\"><font size=\"3\" face=\"Arial\">Nas imagens, vemos grandes pol\u00edticos da \u00e9poca como o ex-secret\u00e1rio do munic\u00edpio Jos\u00e9 Maria Pereira, Lula Bar\u00e3o que era o presidente da c\u00e2mara de vereadores, Z\u00e9 de N\u00e9, Lourival Pereira, Carlos Wilson e outros e tantos. Esses s\u00e3o os verdadeiros fatos hist\u00f3ricos do nosso munic\u00edpio, feitos por pessoas que realmente contribu\u00edram para o crescimento e desenvolvimento da cidade. Neste mesmo ano Arraes foi eleito governador de Pernambuco pela segunda vez, sendo reeleito em 1994 pela terceira oportunidade j\u00e1 pelo PSB, partido fundado por ele.<\/font><\/p>\n<p align=\"justify\"><a href=\"http:\/\/www.saloanoticias.com\/images\/img_4488.jpg\"><img loading=\"lazy\" decoding=\"async\" title=\"IMG_4488\" style=\"border-left-width: 0px; border-right-width: 0px; background-image: none; border-bottom-width: 0px; float: none; padding-top: 0px; padding-left: 0px; margin-left: auto; display: block; padding-right: 0px; border-top-width: 0px; margin-right: auto\" border=\"0\" alt=\"IMG_4488\" src=\"http:\/\/www.saloanoticias.com\/v1\/wp-content\/uploads\/imagens\/img_4488_thumb.jpg\" width=\"1446\" height=\"1084\"><\/a><\/p>\n<p align=\"justify\"><font size=\"3\" face=\"Arial\">Atualmente, Salo\u00e1 vive de novo um clima de estreita amizade e confian\u00e7a entre os governantes do Estado, sendo desta vez, Ricardo Alves (PMDB) atual prefeito, filho de Manoel Alves.<\/font> <font size=\"3\" face=\"Arial\">Desta forma, os parab\u00e9ns vai para nossa cidade que sempre exerceu um papel importante na vida pol\u00edtica do nosso estado, tendo papel decisivo e sendo sempre representada por leg\u00edtimos homens do povo, que constru\u00edram e ainda constroem a hist\u00f3ria da nossa sociedade.<\/font><\/p>\n<p align=\"justify\"><a href=\"http:\/\/www.saloanoticias.com\/images\/img_4494.jpg\"><img loading=\"lazy\" decoding=\"async\" title=\"IMG_4494\" style=\"border-left-width: 0px; border-right-width: 0px; background-image: none; border-bottom-width: 0px; float: none; padding-top: 0px; padding-left: 0px; margin-left: auto; display: block; padding-right: 0px; border-top-width: 0px; margin-right: auto\" border=\"0\" alt=\"IMG_4494\" src=\"http:\/\/www.saloanoticias.com\/v1\/wp-content\/uploads\/imagens\/img_4494_thumb.jpg\" width=\"1445\" height=\"801\"><\/a><\/p>\n<p><a href=\"http:\/\/www.saloanoticias.com\/images\/img_4495.jpg\"><img loading=\"lazy\" decoding=\"async\" title=\"IMG_4495\" style=\"border-left-width: 0px; border-right-width: 0px; background-image: none; border-bottom-width: 0px; float: none; padding-top: 0px; padding-left: 0px; margin-left: auto; display: block; padding-right: 0px; border-top-width: 0px; margin-right: auto\" border=\"0\" alt=\"IMG_4495\" src=\"http:\/\/www.saloanoticias.com\/v1\/wp-content\/uploads\/imagens\/img_4495_thumb.jpg\" width=\"1444\" height=\"1083\"><\/a><\/p>\n<p><a href=\"http:\/\/www.saloanoticias.com\/images\/img_4484.jpg\"><img loading=\"lazy\" decoding=\"async\" title=\"IMG_4484\" style=\"border-left-width: 0px; border-right-width: 0px; background-image: none; border-bottom-width: 0px; float: none; padding-top: 0px; padding-left: 0px; margin-left: auto; display: block; padding-right: 0px; border-top-width: 0px; margin-right: auto\" border=\"0\" alt=\"IMG_4484\" src=\"http:\/\/www.saloanoticias.com\/v1\/wp-content\/uploads\/imagens\/img_4484_thumb.jpg\" width=\"1447\" height=\"1086\"><\/a><\/p>\n<div style=\"margin-top: 0px; margin-bottom: 0px;\" class=\"sharethis-inline-share-buttons\" ><\/div>","protected":false},"excerpt":{"rendered":"<p>A \u201cColuna Recordar \u00e9 Viver\u201d do Blog Salo\u00e1 Not\u00edcias, esta semana traz um dos maiores com\u00edcios da hist\u00f3ria do munic\u00edpio de Salo\u00e1\/PE, datado do ano de 1986, na ocasi\u00e3o da campanha de Miguel Arraes de Alencar ao governo do Estado, av\u00f4 de Eduardo Campos, momento em que o mesmo voltava do ex\u00edlio pol\u00edtico imposto pela [&hellip;]<\/p>\n","protected":false},"author":1,"featured_media":0,"comment_status":"open","ping_status":"open","sticky":false,"template":"","format":"standard","meta":{"footnotes":""},"categories":[2],"tags":[],"class_list":["post-2516","post","type-post","status-publish","format-standard","hentry","category-noticias-do-dia"],"_links":{"self":[{"href":"https:\/\/www.saloanoticias.com\/v1\/wp-json\/wp\/v2\/posts\/2516","targetHints":{"allow":["GET"]}}],"collection":[{"href":"https:\/\/www.saloanoticias.com\/v1\/wp-json\/wp\/v2\/posts"}],"about":[{"href":"https:\/\/www.saloanoticias.com\/v1\/wp-json\/wp\/v2\/types\/post"}],"author":[{"embeddable":true,"href":"https:\/\/www.saloanoticias.com\/v1\/wp-json\/wp\/v2\/users\/1"}],"replies":[{"embeddable":true,"href":"https:\/\/www.saloanoticias.com\/v1\/wp-json\/wp\/v2\/comments?post=2516"}],"version-history":[{"count":0,"href":"https:\/\/www.saloanoticias.com\/v1\/wp-json\/wp\/v2\/posts\/2516\/revisions"}],"wp:attachment":[{"href":"https:\/\/www.saloanoticias.com\/v1\/wp-json\/wp\/v2\/media?parent=2516"}],"wp:term":[{"taxonomy":"category","embeddable":true,"href":"https:\/\/www.saloanoticias.com\/v1\/wp-json\/wp\/v2\/categories?post=2516"},{"taxonomy":"post_tag","embeddable":true,"href":"https:\/\/www.saloanoticias.com\/v1\/wp-json\/wp\/v2\/tags?post=2516"}],"curies":[{"name":"wp","href":"https:\/\/api.w.org\/{rel}","templated":true}]}}