{"id":2515,"date":"2016-03-05T19:00:00","date_gmt":"2016-03-05T19:00:00","guid":{"rendered":"https:\/\/saloanoticias.mrmediaweb.com\/v1\/2016\/03\/05\/eduardo-cunha-agora-e-reu-na-lava-jato\/"},"modified":"2016-03-05T19:00:00","modified_gmt":"2016-03-05T19:00:00","slug":"eduardo-cunha-agora-e-reu-na-lava-jato","status":"publish","type":"post","link":"https:\/\/www.saloanoticias.com\/v1\/eduardo-cunha-agora-e-reu-na-lava-jato\/","title":{"rendered":"EDUARDO CUNHA VIRA R\u00c9U NA LAVA JATO"},"content":{"rendered":"<p align=\"justify\"><font size=\"3\" face=\"Arial\"><a href=\"http:\/\/www.saloanoticias.com\/images\/chuva-na-prata_96a69fc78ef8c14475c60e7d05a37d29.jpg\"><img loading=\"lazy\" decoding=\"async\" title=\"Chuva na Prata\" style=\"border-left-width: 0px; border-right-width: 0px; background-image: none; border-bottom-width: 0px; float: left; padding-top: 0px; padding-left: 0px; margin: 5px 5px 0px 0px; display: inline; padding-right: 0px; border-top-width: 0px\" border=\"0\" alt=\"Chuva na Prata\" src=\"http:\/\/www.saloanoticias.com\/v1\/wp-content\/uploads\/imagens\/chuva-na-prata_thumb_d38e71560e498d8e62ce689cd3d44078.jpg\" width=\"300\" align=\"left\" height=\"189\"><\/a>Por 10 votos a 0, o <\/font><a href=\"http:\/\/g1.globo.com\/tudo-sobre\/supremo-tribunal-federal\/\"><font size=\"3\" face=\"Arial\">Supremo Tribunal Federal<\/font><\/a><font size=\"3\" face=\"Arial\"> (STF) acolheu nesta quinta-feira (3) den\u00fancia do procurador-geral da Rep\u00fablica, <\/font><a href=\"http:\/\/g1.globo.com\/tudo-sobre\/rodrigo-janot\/\"><font size=\"3\" face=\"Arial\">Rodrigo Janot<\/font><\/a><font size=\"3\" face=\"Arial\">, contra o presidente da C\u00e2mara, <\/font><a href=\"http:\/\/g1.globo.com\/tudo-sobre\/eduardo-cunha\/\"><font size=\"3\" face=\"Arial\">Eduardo Cunha<\/font><\/a><font size=\"3\" face=\"Arial\">(PMDB-RJ) por corrup\u00e7\u00e3o passiva e lavagem de dinheiro. <\/font><font size=\"3\" face=\"Arial\">Ele \u00e9 acusado de exigir e receber ao menos US$ 5 milh\u00f5es em propina de um contrato do estaleiro Samsung Heavy Industries com a <\/font><a href=\"http:\/\/g1.globo.com\/tudo-sobre\/petrobras\/\"><font size=\"3\" face=\"Arial\">Petrobras<\/font><\/a><font size=\"3\" face=\"Arial\">. Com a decis\u00e3o, Cunha passa a ser r\u00e9u na primeira a\u00e7\u00e3o penal no Supremo originada das investiga\u00e7\u00f5es da Opera\u00e7\u00e3o Lava Jato.<\/font>  <\/p>\n<p align=\"justify\"><font size=\"3\" face=\"Arial\">Os ministros n\u00e3o decidiram se Cunha deve se afastar do comando da C\u00e2mara. Um pedido de Janot para que ele seja afastado da presid\u00eancia e do mandato de deputado ser\u00e1 julgado pelo Supremo em data ainda indefinida. <\/font><font size=\"3\" face=\"Arial\">Antes mesmo de o Supremo concluir o julgamento, Cunha afirmou a jornalistas na C\u00e2mara que, ainda que virasse r\u00e9u, ele pretendia <\/font><a href=\"http:\/\/g1.globo.com\/politica\/noticia\/2016\/03\/mesmo-se-virar-reu-cunha-diz-que-permanece-na-presidencia-da-camara.html\"><font size=\"3\" face=\"Arial\">permanecer na presid\u00eancia da Casa<\/font><\/a><font size=\"3\" face=\"Arial\">. <\/font><font size=\"3\" face=\"Arial\">\u201cEfetivamente, eu tenho o exerc\u00edcio da fun\u00e7\u00e3o e continuarei exercendo\u201d, enfatizou Cunha a rep\u00f3rteres ao deixar o plen\u00e1rio da C\u00e2mara no in\u00edcio da tarde desta quinta.<\/font>  <\/p>\n<p align=\"justify\"><font size=\"3\" face=\"Arial\">O presidente da C\u00e2mara argumentou ainda que n\u00e3o h\u00e1 provas contra ele e que est\u00e1 \u201cabsolutamente tranquilo\u201d em rela\u00e7\u00e3o ao caso. O peemedebista tem repetido que a aceita\u00e7\u00e3o da den\u00fancia contra ele n\u00e3o significa condena\u00e7\u00e3o. <\/font><font face=\"Arial\"><font size=\"3\">Votaram a favor de aceitar a den\u00fancia contra Cunha o relator do caso, <\/font><\/font><a href=\"http:\/\/g1.globo.com\/tudo-sobre\/teori-zavascki\"><font size=\"3\" face=\"Arial\">Teori Zavascki<\/font><\/a><font size=\"3\" face=\"Arial\">, e os ministros C\u00e1rmen L\u00facia, Marco Aur\u00e9lio Mello, Lu\u00eds Roberto Barroso, Luiz Fachin, Rosa Weber, Dias Toffoli, Gilmar Mendes, Celso de Mello e Ricardo Lewandowski. Luiz Fux est\u00e1 fora do pa\u00eds e n\u00e3o partipou da an\u00e1lise.<\/font>  <\/p>\n<p align=\"justify\"><font size=\"3\" face=\"Arial\">O julgamento teve in\u00edcio nesta quarta-feira (3), quando Teori Zavascki votou pela abertura do processo e foi acompanhado por cinco ministros. Nesta quinta, outros quatro ministros acompanharam o relator. Fonte: G1.com. Foto: Internet<\/font><\/p>\n<div style=\"margin-top: 0px; margin-bottom: 0px;\" class=\"sharethis-inline-share-buttons\" ><\/div>","protected":false},"excerpt":{"rendered":"<p>Por 10 votos a 0, o Supremo Tribunal Federal (STF) acolheu nesta quinta-feira (3) den\u00fancia do procurador-geral da Rep\u00fablica, Rodrigo Janot, contra o presidente da C\u00e2mara, Eduardo Cunha(PMDB-RJ) por corrup\u00e7\u00e3o passiva e lavagem de dinheiro. Ele \u00e9 acusado de exigir e receber ao menos US$ 5 milh\u00f5es em propina de um contrato do estaleiro Samsung [&hellip;]<\/p>\n","protected":false},"author":1,"featured_media":0,"comment_status":"open","ping_status":"open","sticky":false,"template":"","format":"standard","meta":{"footnotes":""},"categories":[2],"tags":[],"class_list":["post-2515","post","type-post","status-publish","format-standard","hentry","category-noticias-do-dia"],"_links":{"self":[{"href":"https:\/\/www.saloanoticias.com\/v1\/wp-json\/wp\/v2\/posts\/2515","targetHints":{"allow":["GET"]}}],"collection":[{"href":"https:\/\/www.saloanoticias.com\/v1\/wp-json\/wp\/v2\/posts"}],"about":[{"href":"https:\/\/www.saloanoticias.com\/v1\/wp-json\/wp\/v2\/types\/post"}],"author":[{"embeddable":true,"href":"https:\/\/www.saloanoticias.com\/v1\/wp-json\/wp\/v2\/users\/1"}],"replies":[{"embeddable":true,"href":"https:\/\/www.saloanoticias.com\/v1\/wp-json\/wp\/v2\/comments?post=2515"}],"version-history":[{"count":0,"href":"https:\/\/www.saloanoticias.com\/v1\/wp-json\/wp\/v2\/posts\/2515\/revisions"}],"wp:attachment":[{"href":"https:\/\/www.saloanoticias.com\/v1\/wp-json\/wp\/v2\/media?parent=2515"}],"wp:term":[{"taxonomy":"category","embeddable":true,"href":"https:\/\/www.saloanoticias.com\/v1\/wp-json\/wp\/v2\/categories?post=2515"},{"taxonomy":"post_tag","embeddable":true,"href":"https:\/\/www.saloanoticias.com\/v1\/wp-json\/wp\/v2\/tags?post=2515"}],"curies":[{"name":"wp","href":"https:\/\/api.w.org\/{rel}","templated":true}]}}