{"id":25148,"date":"2024-05-17T00:24:59","date_gmt":"2024-05-17T03:24:59","guid":{"rendered":"https:\/\/www.saloanoticias.com\/v1\/?p=25148"},"modified":"2024-05-18T00:29:31","modified_gmt":"2024-05-18T03:29:31","slug":"pim-da-prata-solicita-a-volta-das-festividades-juninas-na-vila-de-iateca","status":"publish","type":"post","link":"https:\/\/www.saloanoticias.com\/v1\/pim-da-prata-solicita-a-volta-das-festividades-juninas-na-vila-de-iateca\/","title":{"rendered":"Pim da Prata solicita volta das festividades juninas na vila de Iatec\u00e1"},"content":{"rendered":"\n<p>O vereador Jovacildo Silva aprovou mais um requerimento na C\u00e2mara Municipal de Salo\u00e1\/PE solicitando \u00e0 Prefeitura que promova a volta das festividades juninas na vila de Iatec\u00e1 (Prata), zona urbana da cidade.<\/p>\n\n\n\n<p>Segundo o atuante parlamentar, as manifesta\u00e7\u00f5es culturais s\u00e3o express\u00f5es do cotidiano das pessoas e representam sobretudo a identidade social de cada regi\u00e3o do pa\u00eds, sendo as festas juninas a identidade maior das tradi\u00e7\u00f5es nordestinas.<\/p>\n\n\n\n<p>Pim da Prata enfatiza que h\u00e1 quase tr\u00eas anos a sua comunidade n\u00e3o recebe os festejos com o apoio da Prefeitura local, o que tem deixado os moradores e principalmente os jovens com o sentimento de tristeza, e por isso, apela ao prefeito que o evento volte a fazer parte do calend\u00e1rio festivo do munic\u00edpio.<\/p>\n\n\n\n<p>Ainda segundo ele, as tradi\u00e7\u00f5es juninas na Prata tem como objetivo incentivar a cultura, al\u00e9m de fomentar o com\u00e9rcio e promover o lazer e entretenimento dos moradores da comunidade. O requerimento de n.\u00ba 004\/2024 foi aprovado por todos os vereadores presentes na sess\u00e3o e encaminhado ao pode executivo que far\u00e1 a devida an\u00e1lise.<\/p>\n\n\n<div class=\"wp-block-image\">\n<figure class=\"aligncenter size-full\"><img loading=\"lazy\" decoding=\"async\" width=\"800\" height=\"450\" src=\"https:\/\/www.saloanoticias.com\/v1\/wp-content\/uploads\/2024\/05\/hq720-3.jpg\" alt=\"\" class=\"wp-image-25152\" srcset=\"https:\/\/www.saloanoticias.com\/v1\/wp-content\/uploads\/2024\/05\/hq720-3.jpg 800w, https:\/\/www.saloanoticias.com\/v1\/wp-content\/uploads\/2024\/05\/hq720-3-300x169.jpg 300w, https:\/\/www.saloanoticias.com\/v1\/wp-content\/uploads\/2024\/05\/hq720-3-768x432.jpg 768w\" sizes=\"auto, (max-width: 800px) 100vw, 800px\" \/><\/figure>\n<\/div><div style=\"margin-top: 0px; margin-bottom: 0px;\" class=\"sharethis-inline-share-buttons\" ><\/div>","protected":false},"excerpt":{"rendered":"<p>O vereador Jovacildo Silva aprovou mais um requerimento na C\u00e2mara Municipal de Salo\u00e1\/PE solicitando \u00e0 Prefeitura que promova a volta das festividades juninas na vila de Iatec\u00e1 (Prata), zona urbana da cidade. Segundo o atuante parlamentar, as manifesta\u00e7\u00f5es culturais s\u00e3o express\u00f5es do cotidiano das pessoas e representam sobretudo a identidade social de cada regi\u00e3o do [&hellip;]<\/p>\n","protected":false},"author":1,"featured_media":25150,"comment_status":"closed","ping_status":"closed","sticky":false,"template":"","format":"standard","meta":{"footnotes":""},"categories":[21],"tags":[22],"class_list":["post-25148","post","type-post","status-publish","format-standard","has-post-thumbnail","hentry","category-cidade","tag-destaques"],"_links":{"self":[{"href":"https:\/\/www.saloanoticias.com\/v1\/wp-json\/wp\/v2\/posts\/25148","targetHints":{"allow":["GET"]}}],"collection":[{"href":"https:\/\/www.saloanoticias.com\/v1\/wp-json\/wp\/v2\/posts"}],"about":[{"href":"https:\/\/www.saloanoticias.com\/v1\/wp-json\/wp\/v2\/types\/post"}],"author":[{"embeddable":true,"href":"https:\/\/www.saloanoticias.com\/v1\/wp-json\/wp\/v2\/users\/1"}],"replies":[{"embeddable":true,"href":"https:\/\/www.saloanoticias.com\/v1\/wp-json\/wp\/v2\/comments?post=25148"}],"version-history":[{"count":7,"href":"https:\/\/www.saloanoticias.com\/v1\/wp-json\/wp\/v2\/posts\/25148\/revisions"}],"predecessor-version":[{"id":25157,"href":"https:\/\/www.saloanoticias.com\/v1\/wp-json\/wp\/v2\/posts\/25148\/revisions\/25157"}],"wp:featuredmedia":[{"embeddable":true,"href":"https:\/\/www.saloanoticias.com\/v1\/wp-json\/wp\/v2\/media\/25150"}],"wp:attachment":[{"href":"https:\/\/www.saloanoticias.com\/v1\/wp-json\/wp\/v2\/media?parent=25148"}],"wp:term":[{"taxonomy":"category","embeddable":true,"href":"https:\/\/www.saloanoticias.com\/v1\/wp-json\/wp\/v2\/categories?post=25148"},{"taxonomy":"post_tag","embeddable":true,"href":"https:\/\/www.saloanoticias.com\/v1\/wp-json\/wp\/v2\/tags?post=25148"}],"curies":[{"name":"wp","href":"https:\/\/api.w.org\/{rel}","templated":true}]}}