{"id":25142,"date":"2024-05-16T00:01:00","date_gmt":"2024-05-16T03:01:00","guid":{"rendered":"https:\/\/www.saloanoticias.com\/v1\/?p=25142"},"modified":"2024-05-16T22:03:36","modified_gmt":"2024-05-17T01:03:36","slug":"faleceu-o-bancario-jose-medeiros-souto-irmao-da-professora-beatriz","status":"publish","type":"post","link":"https:\/\/www.saloanoticias.com\/v1\/faleceu-o-bancario-jose-medeiros-souto-irmao-da-professora-beatriz\/","title":{"rendered":"Faleceu o banc\u00e1rio Jos\u00e9 Medeiros Souto, irm\u00e3o da professora Beatriz Souto"},"content":{"rendered":"\n<p>\u00c9 com pesar que recebemos a triste not\u00edcia do falecimento do estimado Banc\u00e1rio Jos\u00e9 Medeiros Souto, ocorrido na madrugada de hoje, em decorr\u00eancia de complica\u00e7\u00f5es causadas pela diabetes. Medeiros, uma figura proeminente na sociedade garanhunhense, deixar\u00e1 para tr\u00e1s um legado de amizade e integridade que ser\u00e3o lembrados por muitos.<\/p>\n\n\n\n<p>Al\u00e9m de sua atua\u00e7\u00e3o no setor banc\u00e1rio, Medeiros tamb\u00e9m deixou sua marca no mundo da publicidade, como propriet\u00e1rio da Avan\u00e7o Publicidade, mostrando sua versatilidade e dedica\u00e7\u00e3o em diferentes \u00e1reas. Casado com Zuleide Meliano, ele deixa para tr\u00e1s um amor que transcende os limites da vida terrena, al\u00e9m de seus amados filhos, Thiago Ant\u00f4nio e Maria Eug\u00eania. Medeiros Souto era primo deste redator.<\/p>\n\n\n\n<p>Seu falecimento \u00e9 profundamente sentido por toda a comunidade, que perde n\u00e3o apenas um profissional exemplar, mas um amigo leal e um ser humano de grande valor. Que o bom Deus conforte os cora\u00e7\u00f5es enlutados e que a lembran\u00e7a de sua bondade e gentileza traga conforto em meio \u00e0 dor da separa\u00e7\u00e3o. Nossos mais sinceros sentimentos \u00e0 fam\u00edlia e aos amigos de Medeiros neste momento de luto e saudade. Com informa\u00e7\u00f5es do Blog do Edney<\/p>\n<div style=\"margin-top: 0px; margin-bottom: 0px;\" class=\"sharethis-inline-share-buttons\" ><\/div>","protected":false},"excerpt":{"rendered":"<p>\u00c9 com pesar que recebemos a triste not\u00edcia do falecimento do estimado Banc\u00e1rio Jos\u00e9 Medeiros Souto, ocorrido na madrugada de hoje, em decorr\u00eancia de complica\u00e7\u00f5es causadas pela diabetes. Medeiros, uma figura proeminente na sociedade garanhunhense, deixar\u00e1 para tr\u00e1s um legado de amizade e integridade que ser\u00e3o lembrados por muitos. Al\u00e9m de sua atua\u00e7\u00e3o no setor [&hellip;]<\/p>\n","protected":false},"author":1,"featured_media":25144,"comment_status":"closed","ping_status":"closed","sticky":false,"template":"","format":"standard","meta":{"footnotes":""},"categories":[2],"tags":[22],"class_list":["post-25142","post","type-post","status-publish","format-standard","has-post-thumbnail","hentry","category-noticias-do-dia","tag-destaques"],"_links":{"self":[{"href":"https:\/\/www.saloanoticias.com\/v1\/wp-json\/wp\/v2\/posts\/25142","targetHints":{"allow":["GET"]}}],"collection":[{"href":"https:\/\/www.saloanoticias.com\/v1\/wp-json\/wp\/v2\/posts"}],"about":[{"href":"https:\/\/www.saloanoticias.com\/v1\/wp-json\/wp\/v2\/types\/post"}],"author":[{"embeddable":true,"href":"https:\/\/www.saloanoticias.com\/v1\/wp-json\/wp\/v2\/users\/1"}],"replies":[{"embeddable":true,"href":"https:\/\/www.saloanoticias.com\/v1\/wp-json\/wp\/v2\/comments?post=25142"}],"version-history":[{"count":3,"href":"https:\/\/www.saloanoticias.com\/v1\/wp-json\/wp\/v2\/posts\/25142\/revisions"}],"predecessor-version":[{"id":25147,"href":"https:\/\/www.saloanoticias.com\/v1\/wp-json\/wp\/v2\/posts\/25142\/revisions\/25147"}],"wp:featuredmedia":[{"embeddable":true,"href":"https:\/\/www.saloanoticias.com\/v1\/wp-json\/wp\/v2\/media\/25144"}],"wp:attachment":[{"href":"https:\/\/www.saloanoticias.com\/v1\/wp-json\/wp\/v2\/media?parent=25142"}],"wp:term":[{"taxonomy":"category","embeddable":true,"href":"https:\/\/www.saloanoticias.com\/v1\/wp-json\/wp\/v2\/categories?post=25142"},{"taxonomy":"post_tag","embeddable":true,"href":"https:\/\/www.saloanoticias.com\/v1\/wp-json\/wp\/v2\/tags?post=25142"}],"curies":[{"name":"wp","href":"https:\/\/api.w.org\/{rel}","templated":true}]}}