{"id":2514,"date":"2016-03-05T01:14:48","date_gmt":"2016-03-05T01:14:48","guid":{"rendered":"https:\/\/saloanoticias.mrmediaweb.com\/v1\/2016\/03\/05\/lula-desabafa-em-coletiva-de-imprensa-depois-de-ser-ouvido-pela-policia-federal\/"},"modified":"2016-03-05T01:14:48","modified_gmt":"2016-03-05T01:14:48","slug":"lula-desabafa-em-coletiva-de-imprensa-depois-de-ser-ouvido-pela-policia-federal","status":"publish","type":"post","link":"https:\/\/www.saloanoticias.com\/v1\/lula-desabafa-em-coletiva-de-imprensa-depois-de-ser-ouvido-pela-policia-federal\/","title":{"rendered":"LULA DESABAFA EM COLETIVA DE IMPRENSA DEPOIS DE SER OUVIDO PELA PF"},"content":{"rendered":"<p align=\"justify\"><font size=\"3\" face=\"Arial\"><a href=\"http:\/\/www.saloanoticias.com\/images\/lula_5e6ea1ce0c43c683fb4a65fbab032538.jpg\"><img loading=\"lazy\" decoding=\"async\" title=\"Lula\" style=\"border-top: 0px; border-right: 0px; background-image: none; border-bottom: 0px; float: none; padding-top: 0px; padding-left: 0px; margin: 0px auto 10px; border-left: 0px; display: block; padding-right: 0px\" border=\"0\" alt=\"Lula\" src=\"http:\/\/www.saloanoticias.com\/v1\/wp-content\/uploads\/imagens\/lula_thumb_2afd9b2032e5dd97f9cf8e7b8249fb22.jpg\" width=\"1458\" height=\"1093\"><\/a>O ex-presidente Luiz In\u00e1cio Lula da Silva disse na tarde desta sexta-feira (4) que se sentiu &#8220;prisioneiro&#8221; por ter sido levado coercitivamente para prestar depoimento \u00e0 Pol\u00edcia Federal. Ele dep\u00f4s no Aeroporto de Congonhas, na Zona Sul de S\u00e3o Paulo e, em seguida, foi \u00e0 sede nacional do PT, no Centro da capital paulista, onde fez um pronunciamento. <\/font><font size=\"3\" face=\"Arial\">O presidente afirmou ainda que &#8220;acertaram o rabo da jararaca&#8221;, mas &#8220;n\u00e3o mataram&#8221;. E tamb\u00e9m falou sobre a presidente Dilma Rousseff: &#8220;N\u00e3o permitem que a Dilma governe esse pa\u00eds&#8221;.<\/font> <\/p>\n<p align=\"justify\"><font size=\"3\" face=\"Arial\">Lula \u00e9 alvo da <\/font><a href=\"http:\/\/g1.globo.com\/pr\/parana\/noticia\/2016\/03\/24-fase-da-lava-jato-apura-beneficios-e-repasses-de-empreiteiras-lula.html\"><font size=\"3\" face=\"Arial\">24\u00aa fase da Opera\u00e7\u00e3o Lava Jato<\/font><\/a><font size=\"3\" face=\"Arial\">, que foi deflagrada nesta sexta. Al\u00e9m do depoimento, foi realizada busca a apreens\u00e3o em sua casa, na sede do Instituto Lula e outros locais ligados ao petista. Investigadores suspeitam que o ex-presidente tenha recebido vantagens indevidas de empreiteiras suspeitas de desvios na Petrobras.<\/font><\/p>\n<p align=\"justify\"><font face=\"Arial\"><font size=\"3\"><strong>Depoimento na PF: <\/strong>&#8220;Me senti prisioneiro hoje de manh\u00e3&#8221;, afirmou diante de militantes. &#8220;J\u00e1 passei por muita coisa na minha vida. N\u00e3o sou homem de guardar m\u00e1goa, mas nosso pa\u00eds n\u00e3o pode continuar assim. Nosso pa\u00eds n\u00e3o pode continuar amedrontado.&#8221; <\/font><\/font><font size=\"3\" face=\"Arial\">Ele disse que &#8220;jamais se recusaria a prestar depoimento. N\u00e3o precisaria ter mandado uma coer\u00e7\u00e3o&#8221;. &#8220;Era s\u00f3 ter convidado. Antes deles, n\u00f3s j\u00e1 \u00e9ramos democratas.&#8221; &#8220;Se o juiz [S\u00e9rgio] Moro e o Minist\u00e9rio P\u00fablico quisessem me ouvir, era s\u00f3 ter me mandado um of\u00edcio e eu ia como sempre fui porque n\u00e3o devo e n\u00e3o temo&#8221;, declarou.<\/font><\/p>\n<p align=\"justify\"><font face=\"Arial\"><font size=\"3\"><strong>&#8216;Cabe\u00e7a erguida&#8217;: <\/strong>O ex-presidente voltou a dizer que \u00e9 inocente e que est\u00e1 de &#8220;cabe\u00e7a erguida&#8221;. &#8220;Fiquei indignado com esse processo de suspei\u00e7\u00e3o. Se a PF encontrar um real de desvio na minha conduta, eu n\u00e3o mere\u00e7o ser desse partido&#8221;. <\/font><\/font><font size=\"3\" face=\"Arial\">Ele afirmou que &#8220;n\u00e3o vai baixar a cabe\u00e7a&#8221; e que, a partir da semana que vem, est\u00e1 disposto a discursar pelo pa\u00eds. &#8220;O que fizeram com esse ato hoje foi fazer com que, a partir da semana que vem, me convidem, que eu estarei disposto a andar esse pa\u00eds.&#8221;<\/font><\/p>\n<p align=\"justify\"><font size=\"3\" face=\"Arial\">Lula disse que &#8220;nem tudo est\u00e1 perdido&#8221; e ele e o partido v\u00e3o &#8220;recome\u00e7ar&#8221;. &#8220;O que aconteceu hoje \u00e9 o que precisava acontecer para o PT levantar a cabe\u00e7a. [&#8230;] O que aconteceu hoje, embora tenha me ofendido, me magoado&#8230; Eu me senti ultrajado. Se quiseram matar a jararaca, n\u00e3o mataram a jararaca, pois bateram no rabo, n\u00e3o na cabe\u00e7a. Quero dizer que a jararaca t\u00e1 viva.&#8221;<\/font> <\/p>\n<p align=\"justify\"><font face=\"Arial\"><font size=\"3\"><strong>Cr\u00edticas \u00e0 Justi\u00e7a: <\/strong>Ele criticou parte da Justi\u00e7a e disse que, por &#8220;prepot\u00eancia e arrog\u00e2ncia&#8221;, fizeram um show de &#8220;pirotecnia&#8221; com a deflagra\u00e7\u00e3o da opera\u00e7\u00e3o da Lava Jato <em>(veja o v\u00eddeo abaixo)<\/em>. <\/font><\/font><font size=\"3\" face=\"Arial\">\u201cEnquanto os advogados n\u00e3o sabiam nada, alguns meios de comunica\u00e7\u00e3o j\u00e1 sabiam. \u00c9 lament\u00e1vel que uma parcela do Poder Judici\u00e1rio brasileiro esteja trabalhando em associa\u00e7\u00e3o com a imprensa.\u201d E acrescentou: \u201cAntigamente, voc\u00ea tinha a den\u00fancia de um crime, ia investigar se existia e prender o criminoso. Hoje a primeira coisa que se faz \u00e9 determinar quem \u00e9 o criminoso\u201d.<\/font><\/p>\n<p align=\"justify\"><font size=\"3\" face=\"Arial\">O ex-presidente Lula disse que a democracia precisa de &#8220;institui\u00e7\u00f5es fortes&#8221;. &#8220;\u00c9 importante que os procuradores saibam que uma institui\u00e7\u00e3o forte tem que ter profissionais respons\u00e1veis.&#8221;<\/font> <\/p>\n<p align=\"justify\"><font face=\"Arial\"><font size=\"3\"><strong>Perd\u00e3o \u00e0 fam\u00edlia: <\/strong>Lula pediu perd\u00e3o aos parentes. \u201cQueria pedir desculpas a Marisa e meus filhos pelos transtornos que eles passaram\u201c, disse. \u201cN\u00e3o h\u00e1 nenhuma explica\u00e7\u00e3o de irem atr\u00e1s dos meus filhos a n\u00e3o ser o fato de eles serem meus filhos.\u201d<\/font><\/font><\/p>\n<p align=\"justify\"><font face=\"Arial\"><font size=\"3\"><strong>Crise pol\u00edtica: <\/strong>O ex-presidente tamb\u00e9m comentou a crise pol\u00edtica <em>(veja o v\u00eddeo abaixo)<\/em>. \u201cEu deixei a Presid\u00eancia e achei que tinha cumprido com a minha tarefa. Ao eleger a Dilma, achei que tinha consagrado minha vida.&#8221; <\/font><\/font><font size=\"3\" face=\"Arial\">&#8220;Eu deixei a presid\u00eancia e achei que tinha cumprido com a minha tarefa. Eu sinceramente achei que ao eleger a Dilma eu tinha consagrado a minha vida, porque eu tinha duas teses: o presidente bom \u00e9 aquele que se reelege. Um &#8216;bibom&#8217; \u00e9 aquele que faz sucessor. Ent\u00e3o, me considerava \u2018bibom\u2019, e fiquei \u2018tribom\u2019 quando reelegi a Dilma. E eles est\u00e3o, desde 26 de outubro de 2014, n\u00e3o permitindo que a Dilma governe esse pa\u00eds.\u201d<\/font><\/p>\n<p align=\"justify\"><font size=\"3\" face=\"Arial\">Ele citou uma cr\u00edtica de um delegado \u00e0s mudan\u00e7as no Minist\u00e9rio da Justi\u00e7a, que dizia que a Pol\u00edcia Federal precisava de autonomia. &#8220;Se tem algu\u00e9m nesse pa\u00eds que precisa de autonomia \u00e9 a presidente da Rep\u00fablica&#8221;, disse. &#8220;Ningu\u00e9m quer que essa mulher governe o pa\u00eds. Est\u00e3o cerceando a capacidade dela governar o pa\u00eds.&#8221;<\/font> <\/p>\n<p align=\"justify\"><font face=\"Arial\"><font size=\"3\"><strong>Ataques contra o PT: <\/strong>O ex-presidente disse que as conquistas sociais de seu governo &#8220;incomodaram muita gente&#8221; e que hoje no Brasil &#8220;ser amigo de Lula \u00e9 uma coisa criminosa&#8221;. Segundo ele, h\u00e1 uma tentativa de &#8220;criminalizar o PT&#8221;.<\/font><\/font><\/p>\n<p align=\"justify\"><font face=\"Arial\"><font size=\"3\"><strong>Valor das palestras: <\/strong>Lula justificou o alto valor de suas palestras. \u201cNingu\u00e9m queria que eu discutisse sexo dos anjos. As pessoas queriam que o Lula falasse das coisas que fez no Brasil. Que milagre fez para aprovar o Prouni, o Fies, para levar energia a 15 milh\u00f5es de pobres nesse pa\u00eds\u201d, disse. <\/font><\/font><font size=\"3\" face=\"Arial\">\u201cPor isso me transformei no conferencista mais caro do mundo junto com o Bill Clinton [ex-presidente dos EUA]. V\u00e1rias empresas que agenciam professores, todo mundo queria me empresariar. Aqui no Instituto, quem vai empresariar somos n\u00f3s do Instituto. E quando vai cobrar vai cobrar igual o Clinton\u201d, disse. \u201cN\u00e3o tenho complexo de vira-lata. Eu sei o que fiz pelo pa\u00eds.\u201d<\/font><\/p>\n<p align=\"justify\"><font face=\"Arial\"><font size=\"3\"><strong>Cr\u00edticas \u00e0 imprensa: <\/strong>O ex-presidente criticou a m\u00eddia pelas reportagens sobre as investiga\u00e7\u00f5es da Lava Jato. Ele citou um barco supostamente de sua mulher, Marisa Let\u00edcia, e pedalinhos em um s\u00edtio em <\/font><\/font><a href=\"http:\/\/g1.globo.com\/sp\/vale-do-paraiba-regiao\/cidade\/atibaia.html\"><font size=\"3\" face=\"Arial\">Atibaia<\/font><\/a><font size=\"3\" face=\"Arial\">. Sobre o terreno, disse: \u201cUso a ch\u00e1cara de um amigo porque os inimigos n\u00e3o me oferecem\u201d.<\/font><\/p>\n<p align=\"justify\"><font face=\"Arial\"><font size=\"3\"><strong>Presentes: <\/strong>Sobre os cont\u00eaineres de coisas que retirou do Pal\u00e1cio do Planalto ao fim do mandato, disse que foi o presidente brasileiro &#8220;que mais ganhou presentes&#8221;, porque foi &#8220;o que trabalhou mais&#8221; e o que &#8220;viajou mais&#8221;. O<\/font><\/font><font size=\"3\" face=\"Arial\"> <\/font><a href=\"http:\/\/g1.globo.com\/tudo-sobre\/ministerio-publico-federal\/\"><font size=\"3\" face=\"Arial\">Minist\u00e9rio P\u00fablico Federal<\/font><\/a><font size=\"3\" face=\"Arial\"> (MPF) suspeita que a OAS, empreiteira investigada na Lava Jato, pagou pelo transporte dos materiais at\u00e9 o s\u00edtio em Atibaia (SP) que \u00e9 frequentado por Lula. Fonte e Foto: Paulo Paiva do G1.com)<\/font><\/p>\n<div style=\"margin-top: 0px; margin-bottom: 0px;\" class=\"sharethis-inline-share-buttons\" ><\/div>","protected":false},"excerpt":{"rendered":"<p>O ex-presidente Luiz In\u00e1cio Lula da Silva disse na tarde desta sexta-feira (4) que se sentiu &#8220;prisioneiro&#8221; por ter sido levado coercitivamente para prestar depoimento \u00e0 Pol\u00edcia Federal. Ele dep\u00f4s no Aeroporto de Congonhas, na Zona Sul de S\u00e3o Paulo e, em seguida, foi \u00e0 sede nacional do PT, no Centro da capital paulista, onde [&hellip;]<\/p>\n","protected":false},"author":1,"featured_media":0,"comment_status":"open","ping_status":"open","sticky":false,"template":"","format":"standard","meta":{"footnotes":""},"categories":[2],"tags":[],"class_list":["post-2514","post","type-post","status-publish","format-standard","hentry","category-noticias-do-dia"],"_links":{"self":[{"href":"https:\/\/www.saloanoticias.com\/v1\/wp-json\/wp\/v2\/posts\/2514","targetHints":{"allow":["GET"]}}],"collection":[{"href":"https:\/\/www.saloanoticias.com\/v1\/wp-json\/wp\/v2\/posts"}],"about":[{"href":"https:\/\/www.saloanoticias.com\/v1\/wp-json\/wp\/v2\/types\/post"}],"author":[{"embeddable":true,"href":"https:\/\/www.saloanoticias.com\/v1\/wp-json\/wp\/v2\/users\/1"}],"replies":[{"embeddable":true,"href":"https:\/\/www.saloanoticias.com\/v1\/wp-json\/wp\/v2\/comments?post=2514"}],"version-history":[{"count":0,"href":"https:\/\/www.saloanoticias.com\/v1\/wp-json\/wp\/v2\/posts\/2514\/revisions"}],"wp:attachment":[{"href":"https:\/\/www.saloanoticias.com\/v1\/wp-json\/wp\/v2\/media?parent=2514"}],"wp:term":[{"taxonomy":"category","embeddable":true,"href":"https:\/\/www.saloanoticias.com\/v1\/wp-json\/wp\/v2\/categories?post=2514"},{"taxonomy":"post_tag","embeddable":true,"href":"https:\/\/www.saloanoticias.com\/v1\/wp-json\/wp\/v2\/tags?post=2514"}],"curies":[{"name":"wp","href":"https:\/\/api.w.org\/{rel}","templated":true}]}}