{"id":2513,"date":"2016-03-05T12:00:00","date_gmt":"2016-03-05T12:00:00","guid":{"rendered":"https:\/\/saloanoticias.mrmediaweb.com\/v1\/2016\/03\/05\/muita-chuva-na-prata\/"},"modified":"2016-03-05T12:00:00","modified_gmt":"2016-03-05T12:00:00","slug":"muita-chuva-na-prata","status":"publish","type":"post","link":"https:\/\/www.saloanoticias.com\/v1\/muita-chuva-na-prata\/","title":{"rendered":"CHOVE BASTANTE NA ZONA RURAL DE SALO\u00c1 NA \u00daLTIMA QUINTA-FEIRA DIA 3\/3"},"content":{"rendered":"<p align=\"justify\"><font size=\"3\" face=\"Arial\"><a href=\"http:\/\/www.saloanoticias.com\/images\/iatec.jpg\"><img loading=\"lazy\" decoding=\"async\" title=\"Iatec&aacute;\" style=\"border-left-width: 0px; border-right-width: 0px; background-image: none; border-bottom-width: 0px; float: none; padding-top: 0px; padding-left: 0px; margin: 0px auto 10px; display: block; padding-right: 0px; border-top-width: 0px\" border=\"0\" alt=\"Iatec&aacute;\" src=\"http:\/\/www.saloanoticias.com\/v1\/wp-content\/uploads\/imagens\/iatec_thumb.jpg\" width=\"1434\" height=\"807\"><\/a>Um verdadeiro dil\u00favio caiu na zona rural da cidade de Salo\u00e1\/PE, principalmente nas regi\u00f5es dos povoados Gigante, Serrinha da Prata e Vila de Iatec\u00e1, causando at\u00e9 estragos nas estradas. As forte pancadas de chuvas ocorreram na tarde de quinta-feira (3). Como se observa nas imagens, foi tanta \u00e1gua que a ponte da entrada de Iatec\u00e1 (Prata) ficou totalmente coberta. Mesmo com os estragos causados a popula\u00e7\u00e3o ficou muito feliz, pois, essas trovoadas de ver\u00e3o sempre s\u00e3o bem-vindas.<\/font><\/p>\n<p align=\"justify\"><a href=\"http:\/\/www.saloanoticias.com\/images\/chuva-na-prata.jpg\"><img loading=\"lazy\" decoding=\"async\" title=\"Chuva na Prata\" style=\"border-left-width: 0px; border-right-width: 0px; background-image: none; border-bottom-width: 0px; float: none; padding-top: 0px; padding-left: 0px; margin-left: auto; display: block; padding-right: 0px; border-top-width: 0px; margin-right: auto\" border=\"0\" alt=\"Chuva na Prata\" src=\"http:\/\/www.saloanoticias.com\/v1\/wp-content\/uploads\/imagens\/chuva-na-prata_thumb.jpg\" width=\"1434\" height=\"807\"><\/a><\/p>\n<p align=\"justify\"><font size=\"3\" face=\"Arial\">Segundo os t\u00e9cnicos do IPA (Instituto Agron\u00f4mico de Pernambuco), somente na regi\u00e3o do Gigante, choveu aproximadamente 105 mm, o que segundo eles, \u00e9 praticamente o triplo do que vinha chovendo no mesmo per\u00edodo nos \u00faltimos 5 anos. Na zona urbana, as chuvas foram menos, mas deu para deixar a terra bem molhada tamb\u00e9m. As previs\u00f5es metereol\u00f3gicas d\u00e3o conta de mais chuvas nos pr\u00f3ximos dias no munic\u00edpio. Fotos de Andrez\u00e3o do IPA e Tisley Vicente, via WhtassApp.<\/font><\/p>\n<p align=\"justify\"><a href=\"http:\/\/www.saloanoticias.com\/images\/prata-salo.jpg\"><img loading=\"lazy\" decoding=\"async\" title=\"Prata Salo&aacute;\" style=\"border-left-width: 0px; border-right-width: 0px; background-image: none; border-bottom-width: 0px; float: none; padding-top: 0px; padding-left: 0px; margin-left: auto; display: block; padding-right: 0px; border-top-width: 0px; margin-right: auto\" border=\"0\" alt=\"Prata Salo&aacute;\" src=\"http:\/\/www.saloanoticias.com\/v1\/wp-content\/uploads\/imagens\/prata-salo_thumb.jpg\" width=\"1435\" height=\"808\"><\/a><\/p>\n<p><a href=\"http:\/\/www.saloanoticias.com\/images\/prata-saloa.jpg\"><img loading=\"lazy\" decoding=\"async\" title=\"Prata Saloa\" style=\"border-left-width: 0px; border-right-width: 0px; background-image: none; border-bottom-width: 0px; float: none; padding-top: 0px; padding-left: 0px; margin-left: auto; display: block; padding-right: 0px; border-top-width: 0px; margin-right: auto\" border=\"0\" alt=\"Prata Saloa\" src=\"http:\/\/www.saloanoticias.com\/v1\/wp-content\/uploads\/imagens\/prata-saloa_thumb.jpg\" width=\"1438\" height=\"809\"><\/a><\/p>\n<p><a href=\"http:\/\/www.saloanoticias.com\/images\/chuva-na-prata_60d2bbb01f02f45a0b5ca9add51e0be6.jpg\"><img loading=\"lazy\" decoding=\"async\" title=\"Chuva na Prata\" style=\"border-left-width: 0px; border-right-width: 0px; background-image: none; border-bottom-width: 0px; float: none; padding-top: 0px; padding-left: 0px; margin-left: auto; display: block; padding-right: 0px; border-top-width: 0px; margin-right: auto\" border=\"0\" alt=\"Chuva na Prata\" src=\"http:\/\/www.saloanoticias.com\/v1\/wp-content\/uploads\/imagens\/chuva-na-prata_thumb_5f1450e70f4ad2dd695fa29a73fd5afe.jpg\" width=\"1437\" height=\"809\"><\/a><\/p>\n<div style=\"margin-top: 0px; margin-bottom: 0px;\" class=\"sharethis-inline-share-buttons\" ><\/div>","protected":false},"excerpt":{"rendered":"<p>Um verdadeiro dil\u00favio caiu na zona rural da cidade de Salo\u00e1\/PE, principalmente nas regi\u00f5es dos povoados Gigante, Serrinha da Prata e Vila de Iatec\u00e1, causando at\u00e9 estragos nas estradas. As forte pancadas de chuvas ocorreram na tarde de quinta-feira (3). Como se observa nas imagens, foi tanta \u00e1gua que a ponte da entrada de Iatec\u00e1 [&hellip;]<\/p>\n","protected":false},"author":1,"featured_media":0,"comment_status":"open","ping_status":"open","sticky":false,"template":"","format":"standard","meta":{"footnotes":""},"categories":[2],"tags":[],"class_list":["post-2513","post","type-post","status-publish","format-standard","hentry","category-noticias-do-dia"],"_links":{"self":[{"href":"https:\/\/www.saloanoticias.com\/v1\/wp-json\/wp\/v2\/posts\/2513","targetHints":{"allow":["GET"]}}],"collection":[{"href":"https:\/\/www.saloanoticias.com\/v1\/wp-json\/wp\/v2\/posts"}],"about":[{"href":"https:\/\/www.saloanoticias.com\/v1\/wp-json\/wp\/v2\/types\/post"}],"author":[{"embeddable":true,"href":"https:\/\/www.saloanoticias.com\/v1\/wp-json\/wp\/v2\/users\/1"}],"replies":[{"embeddable":true,"href":"https:\/\/www.saloanoticias.com\/v1\/wp-json\/wp\/v2\/comments?post=2513"}],"version-history":[{"count":0,"href":"https:\/\/www.saloanoticias.com\/v1\/wp-json\/wp\/v2\/posts\/2513\/revisions"}],"wp:attachment":[{"href":"https:\/\/www.saloanoticias.com\/v1\/wp-json\/wp\/v2\/media?parent=2513"}],"wp:term":[{"taxonomy":"category","embeddable":true,"href":"https:\/\/www.saloanoticias.com\/v1\/wp-json\/wp\/v2\/categories?post=2513"},{"taxonomy":"post_tag","embeddable":true,"href":"https:\/\/www.saloanoticias.com\/v1\/wp-json\/wp\/v2\/tags?post=2513"}],"curies":[{"name":"wp","href":"https:\/\/api.w.org\/{rel}","templated":true}]}}