{"id":2511,"date":"2016-03-04T11:00:00","date_gmt":"2016-03-04T11:00:00","guid":{"rendered":"https:\/\/saloanoticias.mrmediaweb.com\/v1\/2016\/03\/04\/1-encontro-de-poetas-e-toadeiros-em-saloa-acontece-neste-sabado-5\/"},"modified":"2016-03-04T11:00:00","modified_gmt":"2016-03-04T11:00:00","slug":"1-encontro-de-poetas-e-toadeiros-em-saloa-acontece-neste-sabado-5","status":"publish","type":"post","link":"https:\/\/www.saloanoticias.com\/v1\/1-encontro-de-poetas-e-toadeiros-em-saloa-acontece-neste-sabado-5\/","title":{"rendered":"1\u00ba ENCONTRO DE POETAS E TOADEIROS EM SALO\u00c1 ACONTECE NESTE S\u00c1BADO (5\/3)"},"content":{"rendered":"<p align=\"justify\"><font size=\"3\" face=\"Arial\"><a href=\"http:\/\/www.saloanoticias.com\/images\/encontro-de-toadeiros_95ef64a7dff0a768465a567439d858ff.jpg\"><img loading=\"lazy\" decoding=\"async\" title=\"Encontro de Toadeiros\" style=\"border-top: 0px; border-right: 0px; background-image: none; border-bottom: 0px; float: none; padding-top: 0px; padding-left: 0px; margin: 0px auto 10px; border-left: 0px; display: block; padding-right: 0px\" border=\"0\" alt=\"Encontro de Toadeiros\" src=\"http:\/\/www.saloanoticias.com\/v1\/wp-content\/uploads\/imagens\/encontro-de-toadeiros_thumb_05f2bb610711f44ecd8090e783dc2d7a.jpg\" width=\"1399\" height=\"923\"><\/a>Acontecer\u00e1 no pr\u00f3ximo s\u00e1bado, dia 5 de mar\u00e7o de 2016, o \u201cPrimeiro Encontro de Poetas e Toadeiros de Salo\u00e1\u201d, com a participa\u00e7\u00e3o de Z\u00e9 de Almeida, renomado cantador do Nordeste, a partir das 15h, ou seja, 3 da tarde na Churrascaria do Jailson na estrada que liga Salo\u00e1 ao Catimbau. O evento conta ainda com a participa\u00e7\u00e3o de Cicero Cordeiro, Eraldo Barbosa, Beija Flor e Luis Barbeiro. Toda a coordena\u00e7\u00e3o da festa est\u00e1 por conta do jovem Adalto Guimaraes.<\/font><\/p>\n<p align=\"justify\"><font size=\"3\" face=\"Arial\">O 1\u00ba Encontro de Poetas e Toadeiros tem o apoio da Prefeitura Municipal de Salo\u00e1, Blog, R\u00e1dio Web e TV Web Salo\u00e1 Not\u00edcias, vereadores Barba, Ronaldinho Birunda e Tisley Vicente. Este ser\u00e1 o primeiro de muitos encontros culturais da poesia nordestina.<\/font><\/p>\n<div style=\"margin-top: 0px; margin-bottom: 0px;\" class=\"sharethis-inline-share-buttons\" ><\/div>","protected":false},"excerpt":{"rendered":"<p>Acontecer\u00e1 no pr\u00f3ximo s\u00e1bado, dia 5 de mar\u00e7o de 2016, o \u201cPrimeiro Encontro de Poetas e Toadeiros de Salo\u00e1\u201d, com a participa\u00e7\u00e3o de Z\u00e9 de Almeida, renomado cantador do Nordeste, a partir das 15h, ou seja, 3 da tarde na Churrascaria do Jailson na estrada que liga Salo\u00e1 ao Catimbau. O evento conta ainda com [&hellip;]<\/p>\n","protected":false},"author":1,"featured_media":0,"comment_status":"open","ping_status":"open","sticky":false,"template":"","format":"standard","meta":{"footnotes":""},"categories":[2],"tags":[],"class_list":["post-2511","post","type-post","status-publish","format-standard","hentry","category-noticias-do-dia"],"_links":{"self":[{"href":"https:\/\/www.saloanoticias.com\/v1\/wp-json\/wp\/v2\/posts\/2511","targetHints":{"allow":["GET"]}}],"collection":[{"href":"https:\/\/www.saloanoticias.com\/v1\/wp-json\/wp\/v2\/posts"}],"about":[{"href":"https:\/\/www.saloanoticias.com\/v1\/wp-json\/wp\/v2\/types\/post"}],"author":[{"embeddable":true,"href":"https:\/\/www.saloanoticias.com\/v1\/wp-json\/wp\/v2\/users\/1"}],"replies":[{"embeddable":true,"href":"https:\/\/www.saloanoticias.com\/v1\/wp-json\/wp\/v2\/comments?post=2511"}],"version-history":[{"count":0,"href":"https:\/\/www.saloanoticias.com\/v1\/wp-json\/wp\/v2\/posts\/2511\/revisions"}],"wp:attachment":[{"href":"https:\/\/www.saloanoticias.com\/v1\/wp-json\/wp\/v2\/media?parent=2511"}],"wp:term":[{"taxonomy":"category","embeddable":true,"href":"https:\/\/www.saloanoticias.com\/v1\/wp-json\/wp\/v2\/categories?post=2511"},{"taxonomy":"post_tag","embeddable":true,"href":"https:\/\/www.saloanoticias.com\/v1\/wp-json\/wp\/v2\/tags?post=2511"}],"curies":[{"name":"wp","href":"https:\/\/api.w.org\/{rel}","templated":true}]}}