{"id":25103,"date":"2024-05-11T12:49:22","date_gmt":"2024-05-11T15:49:22","guid":{"rendered":"https:\/\/www.saloanoticias.com\/v1\/?p=25103"},"modified":"2024-05-11T12:51:25","modified_gmt":"2024-05-11T15:51:25","slug":"prefeito-de-saloa-pe-concede-entrevista-na-radio-papacaca-neste-sabado-11-as-15h","status":"publish","type":"post","link":"https:\/\/www.saloanoticias.com\/v1\/prefeito-de-saloa-pe-concede-entrevista-na-radio-papacaca-neste-sabado-11-as-15h\/","title":{"rendered":"Prefeito de Salo\u00e1\/PE concede entrevista na R\u00e1dio Papaca\u00e7a neste s\u00e1bado (11) \u00e0s 15h"},"content":{"rendered":"\n<p>O prefeito da cidade de Salo\u00e1\/PE, J\u00fanior de Rivaldo (PSDB), vai conceder uma entrevista na R\u00e1dio Papaca\u00e7a 102,9 FM de Bom Conselho\/PE. O bate papo vai acontecer a partir das 15h e o gestor falar\u00e1 sobre as a\u00e7\u00f5es do seu governo nos \u00faltimos anos.<\/p>\n\n\n\n<p>A transmiss\u00e3o ocorrer\u00e1 pelo r\u00e1dio, pela internet e redes sociais de J\u00fanior de Rivaldo. O prefeito J\u00fanior de Rivaldo foi eleito em 2020 e tem uma aprova\u00e7\u00e3o da maioria absoluta da popula\u00e7\u00e3o e deve destacar na entrevista mais a\u00e7\u00f5es para a cidade.<\/p>\n\n\n<div class=\"wp-block-image\">\n<figure class=\"aligncenter size-large\"><img loading=\"lazy\" decoding=\"async\" width=\"1024\" height=\"1024\" src=\"https:\/\/www.saloanoticias.com\/v1\/wp-content\/uploads\/2024\/05\/63279a53-1ad7-4ba0-9671-3e83636c2802-1024x1024.jpeg\" alt=\"\" class=\"wp-image-25105\" srcset=\"https:\/\/www.saloanoticias.com\/v1\/wp-content\/uploads\/2024\/05\/63279a53-1ad7-4ba0-9671-3e83636c2802-1024x1024.jpeg 1024w, https:\/\/www.saloanoticias.com\/v1\/wp-content\/uploads\/2024\/05\/63279a53-1ad7-4ba0-9671-3e83636c2802-300x300.jpeg 300w, https:\/\/www.saloanoticias.com\/v1\/wp-content\/uploads\/2024\/05\/63279a53-1ad7-4ba0-9671-3e83636c2802-150x150.jpeg 150w, https:\/\/www.saloanoticias.com\/v1\/wp-content\/uploads\/2024\/05\/63279a53-1ad7-4ba0-9671-3e83636c2802-768x768.jpeg 768w, https:\/\/www.saloanoticias.com\/v1\/wp-content\/uploads\/2024\/05\/63279a53-1ad7-4ba0-9671-3e83636c2802-80x80.jpeg 80w, https:\/\/www.saloanoticias.com\/v1\/wp-content\/uploads\/2024\/05\/63279a53-1ad7-4ba0-9671-3e83636c2802.jpeg 1181w\" sizes=\"auto, (max-width: 1024px) 100vw, 1024px\" \/><\/figure>\n<\/div><div style=\"margin-top: 0px; margin-bottom: 0px;\" class=\"sharethis-inline-share-buttons\" ><\/div>","protected":false},"excerpt":{"rendered":"<p>O prefeito da cidade de Salo\u00e1\/PE, J\u00fanior de Rivaldo (PSDB), vai conceder uma entrevista na R\u00e1dio Papaca\u00e7a 102,9 FM de Bom Conselho\/PE. O bate papo vai acontecer a partir das 15h e o gestor falar\u00e1 sobre as a\u00e7\u00f5es do seu governo nos \u00faltimos anos. A transmiss\u00e3o ocorrer\u00e1 pelo r\u00e1dio, pela internet e redes sociais de [&hellip;]<\/p>\n","protected":false},"author":1,"featured_media":25107,"comment_status":"closed","ping_status":"closed","sticky":false,"template":"","format":"standard","meta":{"footnotes":""},"categories":[21],"tags":[22],"class_list":["post-25103","post","type-post","status-publish","format-standard","has-post-thumbnail","hentry","category-cidade","tag-destaques"],"_links":{"self":[{"href":"https:\/\/www.saloanoticias.com\/v1\/wp-json\/wp\/v2\/posts\/25103","targetHints":{"allow":["GET"]}}],"collection":[{"href":"https:\/\/www.saloanoticias.com\/v1\/wp-json\/wp\/v2\/posts"}],"about":[{"href":"https:\/\/www.saloanoticias.com\/v1\/wp-json\/wp\/v2\/types\/post"}],"author":[{"embeddable":true,"href":"https:\/\/www.saloanoticias.com\/v1\/wp-json\/wp\/v2\/users\/1"}],"replies":[{"embeddable":true,"href":"https:\/\/www.saloanoticias.com\/v1\/wp-json\/wp\/v2\/comments?post=25103"}],"version-history":[{"count":3,"href":"https:\/\/www.saloanoticias.com\/v1\/wp-json\/wp\/v2\/posts\/25103\/revisions"}],"predecessor-version":[{"id":25108,"href":"https:\/\/www.saloanoticias.com\/v1\/wp-json\/wp\/v2\/posts\/25103\/revisions\/25108"}],"wp:featuredmedia":[{"embeddable":true,"href":"https:\/\/www.saloanoticias.com\/v1\/wp-json\/wp\/v2\/media\/25107"}],"wp:attachment":[{"href":"https:\/\/www.saloanoticias.com\/v1\/wp-json\/wp\/v2\/media?parent=25103"}],"wp:term":[{"taxonomy":"category","embeddable":true,"href":"https:\/\/www.saloanoticias.com\/v1\/wp-json\/wp\/v2\/categories?post=25103"},{"taxonomy":"post_tag","embeddable":true,"href":"https:\/\/www.saloanoticias.com\/v1\/wp-json\/wp\/v2\/tags?post=25103"}],"curies":[{"name":"wp","href":"https:\/\/api.w.org\/{rel}","templated":true}]}}