{"id":2510,"date":"2016-03-03T14:00:00","date_gmt":"2016-03-03T14:00:00","guid":{"rendered":"https:\/\/saloanoticias.mrmediaweb.com\/v1\/2016\/03\/03\/visite-a-farmacia-do-trabalhador-do-agreste-na-cidade-de-saloa-pe\/"},"modified":"2016-03-03T14:00:00","modified_gmt":"2016-03-03T14:00:00","slug":"visite-a-farmacia-do-trabalhador-do-agreste-na-cidade-de-saloa-pe","status":"publish","type":"post","link":"https:\/\/www.saloanoticias.com\/v1\/visite-a-farmacia-do-trabalhador-do-agreste-na-cidade-de-saloa-pe\/","title":{"rendered":"VISITE A FARM\u00c1CIA DO \u201cTRABALHADOR DO AGRESTE\u201d NA CIDADE DE SALO\u00c1\/PE"},"content":{"rendered":"<p align=\"justify\"><font size=\"3\" face=\"Arial\"><a href=\"http:\/\/www.saloanoticias.com\/images\/dsc_1685.jpg\"><img loading=\"lazy\" decoding=\"async\" title=\"DSC_1685\" style=\"border-top: 0px; border-right: 0px; background-image: none; border-bottom: 0px; float: none; padding-top: 0px; padding-left: 0px; margin: 0px auto 10px; border-left: 0px; display: block; padding-right: 0px\" border=\"0\" alt=\"DSC_1685\" src=\"http:\/\/www.saloanoticias.com\/v1\/wp-content\/uploads\/imagens\/dsc_1685_thumb.jpg\" width=\"1430\" height=\"947\"><\/a>Chegou em Salo\u00e1 a \u201cFarm\u00e1cia do Trabalhador do Agreste\u201d, com uma grande variedade de medicamentos, bons atendimentos e o menor pre\u00e7o. L\u00e1 voc\u00ea encontra os melhores medicamentos gen\u00e9ricos e originais, sem falar em uma diversidade de outros produtos como fraldas, perfumes e etc. A Farm\u00e1cia do Trabalhador do Agreste em Salo\u00e1\/PE fica localizada na Pra\u00e7a Agamenon Magalh\u00e3es, no centro da cidade, ao lado da Casa das Noivas.<\/font><\/p>\n<p align=\"justify\"><a href=\"http:\/\/www.saloanoticias.com\/images\/dsc_1684.jpg\"><img loading=\"lazy\" decoding=\"async\" title=\"DSC_1684\" style=\"border-top: 0px; border-right: 0px; background-image: none; border-bottom: 0px; float: none; padding-top: 0px; padding-left: 0px; margin-left: auto; border-left: 0px; display: block; padding-right: 0px; margin-right: auto\" border=\"0\" alt=\"DSC_1684\" src=\"http:\/\/www.saloanoticias.com\/v1\/wp-content\/uploads\/imagens\/dsc_1684_thumb.jpg\" width=\"1436\" height=\"951\"><\/a><\/p>\n<p align=\"justify\"><font size=\"3\" face=\"Arial\">Entre em contato conosco pelo telefone <strong>(87) 3782 \u2013 1308 <\/strong>e fale com um de nossos atendentes. Nossos servi\u00e7os est\u00e3o a sua disposi\u00e7\u00e3o de segunda a s\u00e1bado das 8:00h \u00e0s 18:00h. <\/font><font size=\"3\" face=\"Arial\">A Farm\u00e1cia do Trabalhador do Agreste tem a organiza\u00e7\u00e3o do amigo de todas as horas <strong>Serginho Moita<\/strong>, que dispensa a todos os clientes e amigos um tratamento muito especial. Fa\u00e7a-nos uma visita hoje mesmo e comprove !<\/font> <\/p>\n<p align=\"justify\"><a href=\"http:\/\/www.saloanoticias.com\/images\/dsc_1693.jpg\"><img loading=\"lazy\" decoding=\"async\" title=\"DSC_1693\" style=\"border-top: 0px; border-right: 0px; background-image: none; border-bottom: 0px; float: none; padding-top: 0px; padding-left: 0px; margin-left: auto; border-left: 0px; display: block; padding-right: 0px; margin-right: auto\" border=\"0\" alt=\"DSC_1693\" src=\"http:\/\/www.saloanoticias.com\/v1\/wp-content\/uploads\/imagens\/dsc_1693_thumb.jpg\" width=\"1436\" height=\"951\"><\/a>   <\/p>\n<p><a href=\"http:\/\/www.saloanoticias.com\/images\/dsc_1708.jpg\"><img loading=\"lazy\" decoding=\"async\" title=\"DSC_1708\" style=\"border-top: 0px; border-right: 0px; background-image: none; border-bottom: 0px; float: none; padding-top: 0px; padding-left: 0px; margin-left: auto; border-left: 0px; display: block; padding-right: 0px; margin-right: auto\" border=\"0\" alt=\"DSC_1708\" src=\"http:\/\/www.saloanoticias.com\/v1\/wp-content\/uploads\/imagens\/dsc_1708_thumb.jpg\" width=\"1438\" height=\"953\"><\/a><\/p>\n<p><a href=\"http:\/\/www.saloanoticias.com\/images\/dsc_1706.jpg\"><img loading=\"lazy\" decoding=\"async\" title=\"DSC_1706\" style=\"border-top: 0px; border-right: 0px; background-image: none; border-bottom: 0px; float: none; padding-top: 0px; padding-left: 0px; margin-left: auto; border-left: 0px; display: block; padding-right: 0px; margin-right: auto\" border=\"0\" alt=\"DSC_1706\" src=\"http:\/\/www.saloanoticias.com\/v1\/wp-content\/uploads\/imagens\/dsc_1706_thumb.jpg\" width=\"1437\" height=\"952\"><\/a><\/p>\n<div style=\"margin-top: 0px; margin-bottom: 0px;\" class=\"sharethis-inline-share-buttons\" ><\/div>","protected":false},"excerpt":{"rendered":"<p>Chegou em Salo\u00e1 a \u201cFarm\u00e1cia do Trabalhador do Agreste\u201d, com uma grande variedade de medicamentos, bons atendimentos e o menor pre\u00e7o. L\u00e1 voc\u00ea encontra os melhores medicamentos gen\u00e9ricos e originais, sem falar em uma diversidade de outros produtos como fraldas, perfumes e etc. A Farm\u00e1cia do Trabalhador do Agreste em Salo\u00e1\/PE fica localizada na Pra\u00e7a [&hellip;]<\/p>\n","protected":false},"author":1,"featured_media":0,"comment_status":"open","ping_status":"open","sticky":false,"template":"","format":"standard","meta":{"footnotes":""},"categories":[2],"tags":[],"class_list":["post-2510","post","type-post","status-publish","format-standard","hentry","category-noticias-do-dia"],"_links":{"self":[{"href":"https:\/\/www.saloanoticias.com\/v1\/wp-json\/wp\/v2\/posts\/2510","targetHints":{"allow":["GET"]}}],"collection":[{"href":"https:\/\/www.saloanoticias.com\/v1\/wp-json\/wp\/v2\/posts"}],"about":[{"href":"https:\/\/www.saloanoticias.com\/v1\/wp-json\/wp\/v2\/types\/post"}],"author":[{"embeddable":true,"href":"https:\/\/www.saloanoticias.com\/v1\/wp-json\/wp\/v2\/users\/1"}],"replies":[{"embeddable":true,"href":"https:\/\/www.saloanoticias.com\/v1\/wp-json\/wp\/v2\/comments?post=2510"}],"version-history":[{"count":0,"href":"https:\/\/www.saloanoticias.com\/v1\/wp-json\/wp\/v2\/posts\/2510\/revisions"}],"wp:attachment":[{"href":"https:\/\/www.saloanoticias.com\/v1\/wp-json\/wp\/v2\/media?parent=2510"}],"wp:term":[{"taxonomy":"category","embeddable":true,"href":"https:\/\/www.saloanoticias.com\/v1\/wp-json\/wp\/v2\/categories?post=2510"},{"taxonomy":"post_tag","embeddable":true,"href":"https:\/\/www.saloanoticias.com\/v1\/wp-json\/wp\/v2\/tags?post=2510"}],"curies":[{"name":"wp","href":"https:\/\/api.w.org\/{rel}","templated":true}]}}