{"id":2509,"date":"2016-03-03T12:29:45","date_gmt":"2016-03-03T12:29:45","guid":{"rendered":"https:\/\/saloanoticias.mrmediaweb.com\/v1\/2016\/03\/03\/alepe-fara-sessao-solene-para-comemorar-os-40-anos-da-uvp\/"},"modified":"2016-03-03T12:29:45","modified_gmt":"2016-03-03T12:29:45","slug":"alepe-fara-sessao-solene-para-comemorar-os-40-anos-da-uvp","status":"publish","type":"post","link":"https:\/\/www.saloanoticias.com\/v1\/alepe-fara-sessao-solene-para-comemorar-os-40-anos-da-uvp\/","title":{"rendered":"ASSEMBLEIA DE PERNAMBUCO FAR\u00c1 SESS\u00c3O SOLENE PELOS 40 ANOS DA UVP"},"content":{"rendered":"<p align=\"justify\"><font size=\"3\" face=\"Arial\"><a href=\"http:\/\/www.saloanoticias.com\/images\/dsc_0988.jpg\"><img loading=\"lazy\" decoding=\"async\" title=\"DSC_0988\" style=\"border-left-width: 0px; border-right-width: 0px; background-image: none; border-bottom-width: 0px; float: none; padding-top: 0px; padding-left: 0px; margin: 0px auto 10px; display: block; padding-right: 0px; border-top-width: 0px\" border=\"0\" alt=\"DSC_0988\" src=\"http:\/\/www.saloanoticias.com\/v1\/wp-content\/uploads\/imagens\/dsc_0988_thumb.jpg\" width=\"1449\" height=\"960\"><\/a>A Assembleia Legislativa far\u00e1 uma sess\u00e3o solene no pr\u00f3ximo dia 16 para comemorar os 40 anos de funda\u00e7\u00e3o da UVP (Uni\u00e3o dos Vereadores de Pernambuco). A proposi\u00e7\u00e3o foi de autoria do deputado Alu\u00edsio Lessa (PSB). <\/font><font size=\"3\" face=\"Arial\">A entidade tem como presidente o vereador Josinaldo Barbosa (PTB), do munic\u00edpio de Timba\u00faba, eleito em mar\u00e7o do ano passado durante o Congresso Estadual de Vereadores que se realizou na cidade de Triunfo. Ele derrotou o vereador Severino Farias Filho (PSB), da cidade de Surubim.<\/font>  <\/p>\n<p align=\"justify\"><font size=\"3\" face=\"Arial\">A UVP est\u00e1 razoavelmente instalada num casar\u00e3o localizado no bairro da Madalena, no Recife. A chamada \u201cCasa do vereador\u201d conta com dormit\u00f3rio, assessorias jur\u00eddica e de comunica\u00e7\u00e3o e sala de reuni\u00f5es. <\/font><font size=\"3\" face=\"Arial\">Um de seus fundadores foi o ex-vereador Liberato Costa J\u00fanior, falecido em dezembro \u00faltimo aos 99 anos de idade. Fonte: Blog do Jamildo<\/font><\/p>\n<div style=\"margin-top: 0px; margin-bottom: 0px;\" class=\"sharethis-inline-share-buttons\" ><\/div>","protected":false},"excerpt":{"rendered":"<p>A Assembleia Legislativa far\u00e1 uma sess\u00e3o solene no pr\u00f3ximo dia 16 para comemorar os 40 anos de funda\u00e7\u00e3o da UVP (Uni\u00e3o dos Vereadores de Pernambuco). A proposi\u00e7\u00e3o foi de autoria do deputado Alu\u00edsio Lessa (PSB). A entidade tem como presidente o vereador Josinaldo Barbosa (PTB), do munic\u00edpio de Timba\u00faba, eleito em mar\u00e7o do ano passado [&hellip;]<\/p>\n","protected":false},"author":1,"featured_media":0,"comment_status":"open","ping_status":"open","sticky":false,"template":"","format":"standard","meta":{"footnotes":""},"categories":[2],"tags":[],"class_list":["post-2509","post","type-post","status-publish","format-standard","hentry","category-noticias-do-dia"],"_links":{"self":[{"href":"https:\/\/www.saloanoticias.com\/v1\/wp-json\/wp\/v2\/posts\/2509","targetHints":{"allow":["GET"]}}],"collection":[{"href":"https:\/\/www.saloanoticias.com\/v1\/wp-json\/wp\/v2\/posts"}],"about":[{"href":"https:\/\/www.saloanoticias.com\/v1\/wp-json\/wp\/v2\/types\/post"}],"author":[{"embeddable":true,"href":"https:\/\/www.saloanoticias.com\/v1\/wp-json\/wp\/v2\/users\/1"}],"replies":[{"embeddable":true,"href":"https:\/\/www.saloanoticias.com\/v1\/wp-json\/wp\/v2\/comments?post=2509"}],"version-history":[{"count":0,"href":"https:\/\/www.saloanoticias.com\/v1\/wp-json\/wp\/v2\/posts\/2509\/revisions"}],"wp:attachment":[{"href":"https:\/\/www.saloanoticias.com\/v1\/wp-json\/wp\/v2\/media?parent=2509"}],"wp:term":[{"taxonomy":"category","embeddable":true,"href":"https:\/\/www.saloanoticias.com\/v1\/wp-json\/wp\/v2\/categories?post=2509"},{"taxonomy":"post_tag","embeddable":true,"href":"https:\/\/www.saloanoticias.com\/v1\/wp-json\/wp\/v2\/tags?post=2509"}],"curies":[{"name":"wp","href":"https:\/\/api.w.org\/{rel}","templated":true}]}}