{"id":2508,"date":"2016-03-02T13:22:25","date_gmt":"2016-03-02T13:22:25","guid":{"rendered":"https:\/\/saloanoticias.mrmediaweb.com\/v1\/2016\/03\/02\/estao-abertas-as-inscricoes-do-paulo-freire-em-saloa\/"},"modified":"2016-03-02T13:22:25","modified_gmt":"2016-03-02T13:22:25","slug":"estao-abertas-as-inscricoes-do-paulo-freire-em-saloa","status":"publish","type":"post","link":"https:\/\/www.saloanoticias.com\/v1\/estao-abertas-as-inscricoes-do-paulo-freire-em-saloa\/","title":{"rendered":"EST\u00c3O ABERTAS AS INSCRI\u00c7\u00d5ES DO PAULO FREIRE NO MUNIC\u00cdPIO DE SALO\u00c1"},"content":{"rendered":"<p align=\"justify\"><font size=\"3\" face=\"Arial\"><a href=\"http:\/\/www.saloanoticias.com\/images\/deangelles-2_9a9cf405a4238842fa5d5f4c7fbde3d8.jpg\"><img loading=\"lazy\" decoding=\"async\" title=\"Deangelles (2)\" style=\"border-top: 0px; border-right: 0px; background-image: none; border-bottom: 0px; float: left; padding-top: 0px; padding-left: 0px; margin: 5px 5px 0px 0px; border-left: 0px; display: inline; padding-right: 0px\" border=\"0\" alt=\"Deangelles (2)\" src=\"http:\/\/www.saloanoticias.com\/v1\/wp-content\/uploads\/imagens\/deangelles-2_thumb_3ff2f8b4facb569e563ff0b5e68d6f95.jpg\" width=\"294\" align=\"left\" height=\"195\"><\/a>A Coordena\u00e7\u00e3o do Programa Paulo Freire, comunica a todos e a todas que queiram ser Coordenadores ou Alfabetizadores de turmas que as inscri\u00e7\u00f5es estar\u00e3o abertas a partir do dia 1\u00ba de mar\u00e7o do corrente ano e ser\u00e3o realizadas na Secretaria Municipal de Educa\u00e7\u00e3o. E ao mesmo tempo, comunica que o munic\u00edpio de Salo\u00e1 foi contemplado com 15 turmas de alfabetizadores e 2 coordena\u00e7\u00f5es, sendo que tanto para os alfabetizadores quanto para coordenadores \u00e9 ofertada 1 vaga para pessoas com defici\u00eancia.<\/font><\/p>\n<p align=\"justify\"><font size=\"3\" face=\"Arial\">Os candidatos interessados dever\u00e3o procurar a Secretaria de Educa\u00e7\u00e3o das 8h \u00e0s 13h para fazerem suas inscri\u00e7\u00f5es de forma presencial, conhecer o edital e certifica-se de que preenchem todos os requisitos exigidos na nova resolu\u00e7\u00e3o do programa.<\/font><\/p>\n<div style=\"margin-top: 0px; margin-bottom: 0px;\" class=\"sharethis-inline-share-buttons\" ><\/div>","protected":false},"excerpt":{"rendered":"<p>A Coordena\u00e7\u00e3o do Programa Paulo Freire, comunica a todos e a todas que queiram ser Coordenadores ou Alfabetizadores de turmas que as inscri\u00e7\u00f5es estar\u00e3o abertas a partir do dia 1\u00ba de mar\u00e7o do corrente ano e ser\u00e3o realizadas na Secretaria Municipal de Educa\u00e7\u00e3o. E ao mesmo tempo, comunica que o munic\u00edpio de Salo\u00e1 foi contemplado [&hellip;]<\/p>\n","protected":false},"author":1,"featured_media":0,"comment_status":"open","ping_status":"open","sticky":false,"template":"","format":"standard","meta":{"footnotes":""},"categories":[2],"tags":[],"class_list":["post-2508","post","type-post","status-publish","format-standard","hentry","category-noticias-do-dia"],"_links":{"self":[{"href":"https:\/\/www.saloanoticias.com\/v1\/wp-json\/wp\/v2\/posts\/2508","targetHints":{"allow":["GET"]}}],"collection":[{"href":"https:\/\/www.saloanoticias.com\/v1\/wp-json\/wp\/v2\/posts"}],"about":[{"href":"https:\/\/www.saloanoticias.com\/v1\/wp-json\/wp\/v2\/types\/post"}],"author":[{"embeddable":true,"href":"https:\/\/www.saloanoticias.com\/v1\/wp-json\/wp\/v2\/users\/1"}],"replies":[{"embeddable":true,"href":"https:\/\/www.saloanoticias.com\/v1\/wp-json\/wp\/v2\/comments?post=2508"}],"version-history":[{"count":0,"href":"https:\/\/www.saloanoticias.com\/v1\/wp-json\/wp\/v2\/posts\/2508\/revisions"}],"wp:attachment":[{"href":"https:\/\/www.saloanoticias.com\/v1\/wp-json\/wp\/v2\/media?parent=2508"}],"wp:term":[{"taxonomy":"category","embeddable":true,"href":"https:\/\/www.saloanoticias.com\/v1\/wp-json\/wp\/v2\/categories?post=2508"},{"taxonomy":"post_tag","embeddable":true,"href":"https:\/\/www.saloanoticias.com\/v1\/wp-json\/wp\/v2\/tags?post=2508"}],"curies":[{"name":"wp","href":"https:\/\/api.w.org\/{rel}","templated":true}]}}