{"id":2507,"date":"2016-03-01T21:00:00","date_gmt":"2016-03-01T21:00:00","guid":{"rendered":"https:\/\/saloanoticias.mrmediaweb.com\/v1\/2016\/03\/01\/secretaria-de-educacao-e-sesc-promovem-projeto-volta-as-aulas\/"},"modified":"2016-03-01T21:00:00","modified_gmt":"2016-03-01T21:00:00","slug":"secretaria-de-educacao-e-sesc-promovem-projeto-volta-as-aulas","status":"publish","type":"post","link":"https:\/\/www.saloanoticias.com\/v1\/secretaria-de-educacao-e-sesc-promovem-projeto-volta-as-aulas\/","title":{"rendered":"SECRETARIA DE EDUCA\u00c7\u00c3O DE SALO\u00c1 E SESC PROMOVEM PROJETO VOLTA \u00c0S AULAS"},"content":{"rendered":"<p align=\"justify\"><font size=\"3\" face=\"Arial\"><a href=\"http:\/\/www.saloanoticias.com\/images\/sport_701b5eefc4472fcea517d4b1d2ed4d0e.jpg\"><img loading=\"lazy\" decoding=\"async\" title=\"Sport\" style=\"border-top: 0px; border-right: 0px; background-image: none; border-bottom: 0px; float: none; padding-top: 0px; padding-left: 0px; margin: 0px auto 10px; border-left: 0px; display: block; padding-right: 0px\" border=\"0\" alt=\"Sport\" src=\"http:\/\/www.saloanoticias.com\/v1\/wp-content\/uploads\/imagens\/sport_thumb_f2f32d60abbc55263c06fff395e43bf8.jpg\" width=\"1390\" height=\"783\"><\/a>O Projeto volta \u00e0s aulas foi um sucesso absoluto nas escolas municipais de Salo\u00e1, segundo o secretario de educa\u00e7\u00e3o \u00c1lvaro Deangelles, junto a equipe de cultura formada por Soraia Cadengue e Pacheco Neto, que juntos visaram promover a integra\u00e7\u00e3o das escolas as ferramentas culturais, de modo a colaborar para que o aluno ampliem sua vis\u00e3o de mundo, valorizando os diferentes segmentos culturais de seu entorno, a partir da intera\u00e7\u00e3o entre homem, sociedade, cultura e educa\u00e7\u00e3o.<\/font><\/p>\n<p align=\"justify\"><a href=\"http:\/\/www.saloanoticias.com\/images\/tfd-salo_b0bd50acc74c9aa3a261ff4d60226c88.jpg\"><img loading=\"lazy\" decoding=\"async\" title=\"TFD Salo&aacute;\" style=\"border-top: 0px; border-right: 0px; background-image: none; border-bottom: 0px; float: none; padding-top: 0px; padding-left: 0px; margin-left: auto; border-left: 0px; display: block; padding-right: 0px; margin-right: auto\" border=\"0\" alt=\"TFD Salo&aacute;\" src=\"http:\/\/www.saloanoticias.com\/v1\/wp-content\/uploads\/imagens\/tfd-salo_thumb_9ae01df8f53b477a737e224a98802e39.jpg\" width=\"1386\" height=\"780\"><\/a><\/p>\n<p align=\"justify\"><font size=\"3\" face=\"Arial\">Por meio de a\u00e7\u00f5es que estimulem pr\u00e1ticas culturais e educacionais nas escolas em parceria com o SESC GARANHUNS que teve a responsabilidade de inserir t\u00e9cnicos de grande compet\u00eancia com a excel\u00eancia nas oficinas de conta\u00e7\u00e3o de hist\u00f3ria, dan\u00e7a, origami, bem como palestras educativas sobre higiene bucal, cuidado com a vis\u00e3o e a participa\u00e7\u00e3o do NUPREV desenvolvendo um bel\u00edssimo trabalho sobre as amea\u00e7as que cercam os alunos com a preven\u00e7\u00e3o contra as drogas liderado pelo sargento Jairo. Ao final, os alunos tiveram uma aula show de dan\u00e7a com o professor Marcos. Texto e Fotos: Pacheco Neto<\/font> <\/p>\n<p align=\"justify\"><a href=\"http:\/\/www.saloanoticias.com\/images\/12805787_1028451313875046_2064898789940323812_n_efe2c5524b8f8414388f145a5c7c6591.jpg\"><img loading=\"lazy\" decoding=\"async\" title=\"12805787_1028451313875046_2064898789940323812_n\" style=\"border-top: 0px; border-right: 0px; background-image: none; border-bottom: 0px; float: none; padding-top: 0px; padding-left: 0px; margin-left: auto; border-left: 0px; display: block; padding-right: 0px; margin-right: auto\" border=\"0\" alt=\"12805787_1028451313875046_2064898789940323812_n\" src=\"http:\/\/www.saloanoticias.com\/v1\/wp-content\/uploads\/imagens\/12805787_1028451313875046_2064898789940323812_n_thumb_9270c474b99c60197cfa64160b047e14.jpg\" width=\"1388\" height=\"781\"><\/a> <\/p>\n<p align=\"justify\"><a href=\"http:\/\/www.saloanoticias.com\/images\/12800107_980994888632745_7242843675689913357_n.jpg\"><img loading=\"lazy\" decoding=\"async\" title=\"12800107_980994888632745_7242843675689913357_n\" style=\"border-top: 0px; border-right: 0px; background-image: none; border-bottom: 0px; float: none; padding-top: 0px; padding-left: 0px; margin-left: auto; border-left: 0px; display: block; padding-right: 0px; margin-right: auto\" border=\"0\" alt=\"12800107_980994888632745_7242843675689913357_n\" src=\"http:\/\/www.saloanoticias.com\/v1\/wp-content\/uploads\/imagens\/12800107_980994888632745_7242843675689913357_n_thumb.jpg\" width=\"1390\" height=\"782\"><\/a>    <\/p>\n<p><a href=\"http:\/\/www.saloanoticias.com\/images\/12802818_1028451400541704_3490063807865110346_n_867020f291fb71eb6cfa64e054e31383.jpg\"><img loading=\"lazy\" decoding=\"async\" title=\"12802818_1028451400541704_3490063807865110346_n\" style=\"border-top: 0px; border-right: 0px; background-image: none; border-bottom: 0px; float: none; padding-top: 0px; padding-left: 0px; margin-left: auto; border-left: 0px; display: block; padding-right: 0px; margin-right: auto\" border=\"0\" alt=\"12802818_1028451400541704_3490063807865110346_n\" src=\"http:\/\/www.saloanoticias.com\/v1\/wp-content\/uploads\/imagens\/12802818_1028451400541704_3490063807865110346_n_thumb_077245f93f57d11b4efac87b0bda812c.jpg\" width=\"1387\" height=\"781\"><\/a><\/p>\n<p><a href=\"http:\/\/www.saloanoticias.com\/images\/12814037_980994881966079_217896790282475831_n.jpg\"><img loading=\"lazy\" decoding=\"async\" title=\"12814037_980994881966079_217896790282475831_n\" style=\"border-top: 0px; border-right: 0px; background-image: none; border-bottom: 0px; float: none; padding-top: 0px; padding-left: 0px; margin-left: auto; border-left: 0px; display: block; padding-right: 0px; margin-right: auto\" border=\"0\" alt=\"12814037_980994881966079_217896790282475831_n\" src=\"http:\/\/www.saloanoticias.com\/v1\/wp-content\/uploads\/imagens\/12814037_980994881966079_217896790282475831_n_thumb.jpg\" width=\"1384\" height=\"779\"><\/a><\/p>\n<div style=\"margin-top: 0px; margin-bottom: 0px;\" class=\"sharethis-inline-share-buttons\" ><\/div>","protected":false},"excerpt":{"rendered":"<p>O Projeto volta \u00e0s aulas foi um sucesso absoluto nas escolas municipais de Salo\u00e1, segundo o secretario de educa\u00e7\u00e3o \u00c1lvaro Deangelles, junto a equipe de cultura formada por Soraia Cadengue e Pacheco Neto, que juntos visaram promover a integra\u00e7\u00e3o das escolas as ferramentas culturais, de modo a colaborar para que o aluno ampliem sua vis\u00e3o [&hellip;]<\/p>\n","protected":false},"author":1,"featured_media":0,"comment_status":"open","ping_status":"open","sticky":false,"template":"","format":"standard","meta":{"footnotes":""},"categories":[2],"tags":[],"class_list":["post-2507","post","type-post","status-publish","format-standard","hentry","category-noticias-do-dia"],"_links":{"self":[{"href":"https:\/\/www.saloanoticias.com\/v1\/wp-json\/wp\/v2\/posts\/2507","targetHints":{"allow":["GET"]}}],"collection":[{"href":"https:\/\/www.saloanoticias.com\/v1\/wp-json\/wp\/v2\/posts"}],"about":[{"href":"https:\/\/www.saloanoticias.com\/v1\/wp-json\/wp\/v2\/types\/post"}],"author":[{"embeddable":true,"href":"https:\/\/www.saloanoticias.com\/v1\/wp-json\/wp\/v2\/users\/1"}],"replies":[{"embeddable":true,"href":"https:\/\/www.saloanoticias.com\/v1\/wp-json\/wp\/v2\/comments?post=2507"}],"version-history":[{"count":0,"href":"https:\/\/www.saloanoticias.com\/v1\/wp-json\/wp\/v2\/posts\/2507\/revisions"}],"wp:attachment":[{"href":"https:\/\/www.saloanoticias.com\/v1\/wp-json\/wp\/v2\/media?parent=2507"}],"wp:term":[{"taxonomy":"category","embeddable":true,"href":"https:\/\/www.saloanoticias.com\/v1\/wp-json\/wp\/v2\/categories?post=2507"},{"taxonomy":"post_tag","embeddable":true,"href":"https:\/\/www.saloanoticias.com\/v1\/wp-json\/wp\/v2\/tags?post=2507"}],"curies":[{"name":"wp","href":"https:\/\/api.w.org\/{rel}","templated":true}]}}